{"id":94418,"date":"2018-03-22T21:28:57","date_gmt":"2018-03-23T00:28:57","guid":{"rendered":"http:\/\/diarioregionaljf.com.br\/2018\/03\/22\/secretaria-de-obras-atua-em-locais-atingidos-pelas-chuvas\/"},"modified":"2018-03-22T21:28:57","modified_gmt":"2018-03-23T00:28:57","slug":"secretaria-de-obras-atua-em-locais-atingidos-pelas-chuvas","status":"publish","type":"post","link":"https:\/\/diarioregionaldigital.com.br\/?p=94418","title":{"rendered":"Secretaria de Obras atua em locais atingidos pelas chuvas"},"content":{"rendered":"<p>A Secretaria de Obras (SO) da Prefeitura de Juiz de Fora (PJF) finalizou um muro de conten\u00e7\u00e3o na Rua Jos\u00e9 Louren\u00e7o, no bairro S\u00e3o Pedro, Cidade Alta, para corrigir danos causados pelas chuvas que atingiram a cidade no ver\u00e3o. Al\u00e9m do muro, o passeio e a escada de acesso a resid\u00eancias est\u00e3o sendo refeitos.<\/p>\n<p>&#8220;Houve um deslizamento de talude que levou parte da escada que havia no local. Atuamos rapidamente para resolver o problema e evitar danos maiores&#8221;, destacou o gerente do departamento de Opera\u00e7\u00e3o e Manuten\u00e7\u00e3o de Obras da Secretaria, Domingos Gouv\u00eaa.<\/p>\n<p>Na Rua Saulo Vilela, no Retiro, e na Rua da F\u00e9, no Vila Olavo Costa, bairros da regi\u00e3o Sudeste, a pasta tamb\u00e9m est\u00e1 construindo muros de conten\u00e7\u00e3o em decorr\u00eancia de deslizamentos causados pelas fortes chuvas. Outra empreitada \u00e9 a recupera\u00e7\u00e3o de um escad\u00e3o localizado na Rua Wenceslau Braz, no bairro J\u00f3quei Clube, regi\u00e3o Norte.<\/p>\n<p>Fonte: Assessoria<\/p>\n","protected":false},"excerpt":{"rendered":"<p>A Secretaria de Obras (SO) da Prefeitura de Juiz de Fora (PJF) finalizou um muro de conten\u00e7\u00e3o na Rua Jos\u00e9 Louren\u00e7o, no bairro S\u00e3o Pedro, Cidade Alta, para corrigir danos causados pelas chuvas que atingiram a cidade no ver\u00e3o. Al\u00e9m do muro, o passeio e a escada de acesso a resid\u00eancias est\u00e3o sendo refeitos. &#8220;Houve [&hellip;]<\/p>\n","protected":false},"author":96,"featured_media":94417,"comment_status":"closed","ping_status":"closed","sticky":false,"template":"","format":"standard","meta":{"footnotes":""},"categories":[253],"tags":[],"class_list":["post-94418","post","type-post","status-publish","format-standard","has-post-thumbnail","hentry","category-cidade"],"_links":{"self":[{"href":"https:\/\/diarioregionaldigital.com.br\/index.php?rest_route=\/wp\/v2\/posts\/94418","targetHints":{"allow":["GET"]}}],"collection":[{"href":"https:\/\/diarioregionaldigital.com.br\/index.php?rest_route=\/wp\/v2\/posts"}],"about":[{"href":"https:\/\/diarioregionaldigital.com.br\/index.php?rest_route=\/wp\/v2\/types\/post"}],"author":[{"embeddable":true,"href":"https:\/\/diarioregionaldigital.com.br\/index.php?rest_route=\/wp\/v2\/users\/96"}],"replies":[{"embeddable":true,"href":"https:\/\/diarioregionaldigital.com.br\/index.php?rest_route=%2Fwp%2Fv2%2Fcomments&post=94418"}],"version-history":[{"count":0,"href":"https:\/\/diarioregionaldigital.com.br\/index.php?rest_route=\/wp\/v2\/posts\/94418\/revisions"}],"wp:featuredmedia":[{"embeddable":true,"href":"https:\/\/diarioregionaldigital.com.br\/index.php?rest_route=\/wp\/v2\/media\/94417"}],"wp:attachment":[{"href":"https:\/\/diarioregionaldigital.com.br\/index.php?rest_route=%2Fwp%2Fv2%2Fmedia&parent=94418"}],"wp:term":[{"taxonomy":"category","embeddable":true,"href":"https:\/\/diarioregionaldigital.com.br\/index.php?rest_route=%2Fwp%2Fv2%2Fcategories&post=94418"},{"taxonomy":"post_tag","embeddable":true,"href":"https:\/\/diarioregionaldigital.com.br\/index.php?rest_route=%2Fwp%2Fv2%2Ftags&post=94418"}],"curies":[{"name":"wp","href":"https:\/\/api.w.org\/{rel}","templated":true}]}}