{"id":94416,"date":"2018-03-22T21:16:32","date_gmt":"2018-03-23T00:16:32","guid":{"rendered":"http:\/\/diarioregionaljf.com.br\/2018\/03\/22\/reforma-ministerial-sera-anunciada-na-primeira-semana-de-abril\/"},"modified":"2018-03-22T21:16:32","modified_gmt":"2018-03-23T00:16:32","slug":"reforma-ministerial-sera-anunciada-na-primeira-semana-de-abril","status":"publish","type":"post","link":"https:\/\/diarioregionaldigital.com.br\/?p=94416","title":{"rendered":"Reforma ministerial ser\u00e1 anunciada na primeira semana de abril"},"content":{"rendered":"<p>Reforma ministerial come\u00e7ar\u00e1 a ser anunciada na primeira semana de abril, de acordo com o ministro-chefe da Secretaria de Governo, Carlos Marun. O governo ir\u00e1 anunciar os nomes que substituir\u00e3o os ministros que ir\u00e3o se candidatar nas pr\u00f3ximas elei\u00e7\u00f5es.<\/p>\n<p>&#8220;O que est\u00e1 desenhado \u00e9 isso, di\u00e1logo com partidos que est\u00e3o no comando desses minist\u00e9rios. Estamos pedindo sugest\u00f5es de nomes, n\u00e3o s\u00e3o indica\u00e7\u00f5es, para que o presidente Temer decida aqueles com quem ele deseja contar no governo exercendo as fun\u00e7\u00f5es de ministro&#8221;, disse nessa quinta-feira, 22.<\/p>\n<p>Marun enfatizou que n\u00e3o existe nenhum veto \u00e0 substitui\u00e7\u00e3o de ministros pelos secret\u00e1rios-executivos, &#8220;assim como n\u00e3o existe indicativo que a maioria dos ministros seja substitu\u00edda por seus secret\u00e1rios-executivos&#8221;.<\/p>\n<p>A reforma ministerial foi o principal assunto da reuni\u00e3o que ocorreu na manh\u00e3 dessa quinta no Pal\u00e1cio do Jaburu. O presidente Michel Temer reuniu-se com os ministros-chefes da Casa Civil, Eliseu Padilha, da Secretaria-Geral da Presid\u00eancia, Moreira Franco, e com Marun. O ministro dos Direitos Humanos, Gustavo Rocha, tamb\u00e9m compareceu ao Jaburu, mas ficou apenas por alguns minutos.<\/p>\n<p>Marun sinalizou que o Minist\u00e9rio da Educa\u00e7\u00e3o dever\u00e1 seguir sob o comando do Democratas &#8211; atualmente, o ministro Mendon\u00e7a Filho ocupa a pasta, mas deixar\u00e1 o posto para disputar o governo de Pernambuco. &#8220;Nesse momento o DEM \u00e9 um partido que faz parte da base, deseja continuar na base e tem um pr\u00e9-candidato lan\u00e7ado \u00e0 presid\u00eancia da Rep\u00fablica [o atual presidente da C\u00e2mara dos Deputados, Rodrigo Maia], uma candidatura que merece o nosso respeito. \u00c9 dessa forma que o DEM est\u00e1 sendo considerado pelo governo e nesse momento o DEM permanece no governo&#8221;, ressaltou.<\/p>\n<p>Em rela\u00e7\u00e3o ao Minist\u00e9rio Fazenda, Marun destacou que h\u00e1 uma disposi\u00e7\u00e3o do ministro Meirelles a participar das pr\u00f3ximas elei\u00e7\u00f5es, por isso ter\u00e1 que deixar o governo. &#8220;Est\u00e3o sendo estabelecidas, com ele, conversa\u00e7\u00f5es a respeito da sua sucess\u00e3o. Ainda n\u00e3o entramos com nomes, mas obviamente a opini\u00e3o do ministro Meirelles ser\u00e1 levada em considera\u00e7\u00e3o&#8221;.<br \/>Oficialmente, Meirelles ainda n\u00e3o anunciou a candidatura.<\/p>\n<p>Fonte: Ag\u00eancia Brasil<\/p>\n","protected":false},"excerpt":{"rendered":"<p>Reforma ministerial come\u00e7ar\u00e1 a ser anunciada na primeira semana de abril, de acordo com o ministro-chefe da Secretaria de Governo, Carlos Marun. O governo ir\u00e1 anunciar os nomes que substituir\u00e3o os ministros que ir\u00e3o se candidatar nas pr\u00f3ximas elei\u00e7\u00f5es. &#8220;O que est\u00e1 desenhado \u00e9 isso, di\u00e1logo com partidos que est\u00e3o no comando desses minist\u00e9rios. Estamos [&hellip;]<\/p>\n","protected":false},"author":96,"featured_media":94415,"comment_status":"closed","ping_status":"closed","sticky":false,"template":"","format":"standard","meta":{"footnotes":""},"categories":[254],"tags":[],"class_list":["post-94416","post","type-post","status-publish","format-standard","has-post-thumbnail","hentry","category-politica"],"_links":{"self":[{"href":"https:\/\/diarioregionaldigital.com.br\/index.php?rest_route=\/wp\/v2\/posts\/94416","targetHints":{"allow":["GET"]}}],"collection":[{"href":"https:\/\/diarioregionaldigital.com.br\/index.php?rest_route=\/wp\/v2\/posts"}],"about":[{"href":"https:\/\/diarioregionaldigital.com.br\/index.php?rest_route=\/wp\/v2\/types\/post"}],"author":[{"embeddable":true,"href":"https:\/\/diarioregionaldigital.com.br\/index.php?rest_route=\/wp\/v2\/users\/96"}],"replies":[{"embeddable":true,"href":"https:\/\/diarioregionaldigital.com.br\/index.php?rest_route=%2Fwp%2Fv2%2Fcomments&post=94416"}],"version-history":[{"count":0,"href":"https:\/\/diarioregionaldigital.com.br\/index.php?rest_route=\/wp\/v2\/posts\/94416\/revisions"}],"wp:featuredmedia":[{"embeddable":true,"href":"https:\/\/diarioregionaldigital.com.br\/index.php?rest_route=\/wp\/v2\/media\/94415"}],"wp:attachment":[{"href":"https:\/\/diarioregionaldigital.com.br\/index.php?rest_route=%2Fwp%2Fv2%2Fmedia&parent=94416"}],"wp:term":[{"taxonomy":"category","embeddable":true,"href":"https:\/\/diarioregionaldigital.com.br\/index.php?rest_route=%2Fwp%2Fv2%2Fcategories&post=94416"},{"taxonomy":"post_tag","embeddable":true,"href":"https:\/\/diarioregionaldigital.com.br\/index.php?rest_route=%2Fwp%2Fv2%2Ftags&post=94416"}],"curies":[{"name":"wp","href":"https:\/\/api.w.org\/{rel}","templated":true}]}}