{"id":94414,"date":"2018-03-22T20:23:47","date_gmt":"2018-03-22T23:23:47","guid":{"rendered":"http:\/\/diarioregionaljf.com.br\/2018\/03\/22\/social-chique-4\/"},"modified":"2018-03-22T20:23:47","modified_gmt":"2018-03-22T23:23:47","slug":"social-chique-4","status":"publish","type":"post","link":"https:\/\/diarioregionaldigital.com.br\/?p=94414","title":{"rendered":"Social Chique"},"content":{"rendered":"<p style=\"text-align: center;\"><span class=\"h4\">Lirismo<\/span><br \/>Em seu quarto livro de poesia \u201cA M\u00e1quina de Existir\u201d, o poeta mineiro Fabr\u00edcio Marques mostra uma safra de poemas produzidos nos \u00faltimos quatro anos \u2013 a maior parte no primeiro semestre de 2014. S\u00e3o versos que abordam o amor, a alteridade e a linguagem.<\/p>\n<p style=\"text-align: center;\"><span class=\"h4\">Olha S\u00f3<\/span><br \/>O ministro Alexandre de Moraes, do Supremo Tribunal Federal (STF), arquivou um inqu\u00e9rito que investigava se o senador Rom\u00e1rio (Podemos \u2013 RJ), cometeu crimes ao tocar obras no im\u00f3vel onde mora em Bras\u00edlia. A procuradora geral da Republica Raquel Dodge, citou um laudo pericial segundo o qual n\u00e3o houve danos diretos ou indiretos \u00e0 \u00c1rea de Prote\u00e7\u00e3o Ambiental (APA) do Lago Parano\u00e1, onde fica a casa.<\/p>\n<p style=\"text-align: center;\"><span class=\"h4\">Not\u00edcia<\/span><br \/>O engenheiro metal\u00fargico Rodrigo Alvarenga Vilela, atual diretor de opera\u00e7\u00f5es e projetos da Samarco, assumir\u00e1 interinamente, no pr\u00f3ximo dia 28, o cargo de presidente da empresa joint venture da brasileira Vale com a anglo-australiana BHP Billiton. Ele substituir\u00e1 Roberto L\u00facio Nunes de Carvalho, que deixa a companhia ap\u00f3s 32 anos.<\/p>\n<p style=\"text-align: center;\"><span class=\"h4\">Ser Humano<\/span><br \/>O f\u00edsico Stephen Hawking, encarcerado em seu corpo e preso inexoravelmente a uma cadeira de rodas, foi mais livre que todos n\u00f3s. O infinito era o seu limite.<\/p>\n<p style=\"text-align: center;\"><span class=\"h4\">Jorges<\/span><br \/>Moacyr Luz que esteve em Juiz de Fora participando do show de Sandra Portella no Cultural, faz anivers\u00e1rio de 60 anos em abril. Ele vai lan\u00e7ar pela Biscoito Fino, um CD com 12 m\u00fasicas in\u00e9ditas. Em uma delas chama a aten\u00e7\u00e3o a homenagem ao santo de devo\u00e7\u00e3o com um coro com mais de 20 Jorges.<\/p>\n<p style=\"text-align: center;\"><span class=\"h3\">Social Chique<\/span><br \/>Reunindo gente chique e refinada, as elegantes irm\u00e3s Nayane Neto e Nayara Neto, receberam para fino evento na loja By Candy para o lan\u00e7amento dos maravilhosos acess\u00f3rios da linha P\u00farpura para esta\u00e7\u00e3o outono inverno. As fotos de Thiago Kadosch s\u00e3o destaque hoje, nesta p\u00e1gina social.<\/p>\n<p style=\"text-align: center;\"><img decoding=\"async\" class=\" size-full wp-image-94405\" src=\"http:\/\/diarioregionaljf.com.br\/wp-content\/uploads\/2018\/03\/diario-int-25338-1.jpg\" alt=\"fotoa.jpg\" width=\"680\" style=\"display: block; margin-left: auto; margin-right: auto;\" srcset=\"https:\/\/diarioregionaldigital.com.br\/wp-content\/uploads\/2018\/03\/diario-int-25338-1.jpg 680w, https:\/\/diarioregionaldigital.com.br\/wp-content\/uploads\/2018\/03\/diario-int-25338-1-300x199.jpg 300w, https:\/\/diarioregionaldigital.com.br\/wp-content\/uploads\/2018\/03\/diario-int-25338-1-360x238.jpg 360w\" sizes=\"(max-width: 680px) 100vw, 680px\" \/>As anfitri\u00e3s Nayane e Nayara Neto com a m\u00e3e La\u00eds Neto<\/p>\n<p style=\"text-align: center;\"><img decoding=\"async\" class=\" size-full wp-image-94406\" src=\"http:\/\/diarioregionaljf.com.br\/wp-content\/uploads\/2018\/03\/diario-int-25338-2.jpg\" alt=\"fotob.jpg\" width=\"680\" style=\"display: block; margin-left: auto; margin-right: auto;\" srcset=\"https:\/\/diarioregionaldigital.com.br\/wp-content\/uploads\/2018\/03\/diario-int-25338-2.jpg 680w, https:\/\/diarioregionaldigital.com.br\/wp-content\/uploads\/2018\/03\/diario-int-25338-2-300x199.jpg 300w, https:\/\/diarioregionaldigital.com.br\/wp-content\/uploads\/2018\/03\/diario-int-25338-2-360x238.jpg 360w\" sizes=\"(max-width: 680px) 100vw, 680px\" \/>As suaves Nayara Neto, Mayara Castro e Nayane Neto<\/p>\n<p style=\"text-align: center;\"><img decoding=\"async\" class=\" size-full wp-image-94407\" src=\"http:\/\/diarioregionaljf.com.br\/wp-content\/uploads\/2018\/03\/diario-int-25338-3.jpg\" alt=\"fotoc.jpg\" width=\"680\" style=\"display: block; margin-left: auto; margin-right: auto;\" srcset=\"https:\/\/diarioregionaldigital.com.br\/wp-content\/uploads\/2018\/03\/diario-int-25338-3.jpg 680w, https:\/\/diarioregionaldigital.com.br\/wp-content\/uploads\/2018\/03\/diario-int-25338-3-300x199.jpg 300w, https:\/\/diarioregionaldigital.com.br\/wp-content\/uploads\/2018\/03\/diario-int-25338-3-360x238.jpg 360w\" sizes=\"(max-width: 680px) 100vw, 680px\" \/>As poderosas, Laene Victor, Nayane Neto, Isabel Vaz, Nayara Neto e Emilainy Werneck<\/p>\n<p style=\"text-align: center;\"><img decoding=\"async\" class=\" size-full wp-image-94408\" src=\"http:\/\/diarioregionaljf.com.br\/wp-content\/uploads\/2018\/03\/diario-int-25338-4.jpg\" alt=\"fotod.jpg\" width=\"680\" style=\"display: block; margin-left: auto; margin-right: auto;\" srcset=\"https:\/\/diarioregionaldigital.com.br\/wp-content\/uploads\/2018\/03\/diario-int-25338-4.jpg 680w, https:\/\/diarioregionaldigital.com.br\/wp-content\/uploads\/2018\/03\/diario-int-25338-4-300x199.jpg 300w, https:\/\/diarioregionaldigital.com.br\/wp-content\/uploads\/2018\/03\/diario-int-25338-4-360x238.jpg 360w\" sizes=\"(max-width: 680px) 100vw, 680px\" \/>Em sintonia com Nayane Neto e Nayara Neto o colunista Eduardo Gomes<\/p>\n<p style=\"text-align: center;\"><img decoding=\"async\" class=\" size-full wp-image-94409\" src=\"http:\/\/diarioregionaljf.com.br\/wp-content\/uploads\/2018\/03\/diario-int-25338-5.jpg\" alt=\"fotoe.jpg\" width=\"680\" style=\"display: block; margin-left: auto; margin-right: auto;\" srcset=\"https:\/\/diarioregionaldigital.com.br\/wp-content\/uploads\/2018\/03\/diario-int-25338-5.jpg 680w, https:\/\/diarioregionaldigital.com.br\/wp-content\/uploads\/2018\/03\/diario-int-25338-5-300x199.jpg 300w, https:\/\/diarioregionaldigital.com.br\/wp-content\/uploads\/2018\/03\/diario-int-25338-5-360x238.jpg 360w\" sizes=\"(max-width: 680px) 100vw, 680px\" \/>Colorindo o evento, Nayane Neto, Mar\u00edlia Ramos e Nayara Neto<\/p>\n<p style=\"text-align: center;\"><img decoding=\"async\" class=\" size-full wp-image-94410\" src=\"http:\/\/diarioregionaljf.com.br\/wp-content\/uploads\/2018\/03\/diario-int-25338-6.jpg\" alt=\"fotof.jpg\" width=\"680\" style=\"display: block; margin-left: auto; margin-right: auto;\" srcset=\"https:\/\/diarioregionaldigital.com.br\/wp-content\/uploads\/2018\/03\/diario-int-25338-6.jpg 680w, https:\/\/diarioregionaldigital.com.br\/wp-content\/uploads\/2018\/03\/diario-int-25338-6-300x199.jpg 300w, https:\/\/diarioregionaldigital.com.br\/wp-content\/uploads\/2018\/03\/diario-int-25338-6-360x238.jpg 360w\" sizes=\"(max-width: 680px) 100vw, 680px\" \/>Gente que \u00e9 not\u00edcia, Carlos J\u00fanior, Nayara Neto, Kelie Valentim, Nayane Neto e Christopher Henrique<\/p>\n<p style=\"text-align: center;\"><img decoding=\"async\" class=\" size-full wp-image-94411\" src=\"http:\/\/diarioregionaljf.com.br\/wp-content\/uploads\/2018\/03\/diario-int-25338-7.jpg\" alt=\"fotog.jpg\" width=\"680\" style=\"display: block; margin-left: auto; margin-right: auto;\" srcset=\"https:\/\/diarioregionaldigital.com.br\/wp-content\/uploads\/2018\/03\/diario-int-25338-7.jpg 680w, https:\/\/diarioregionaldigital.com.br\/wp-content\/uploads\/2018\/03\/diario-int-25338-7-300x199.jpg 300w, https:\/\/diarioregionaldigital.com.br\/wp-content\/uploads\/2018\/03\/diario-int-25338-7-360x238.jpg 360w\" sizes=\"(max-width: 680px) 100vw, 680px\" \/>O fot\u00f3grafo Thiago Kadosch com Nayara Neto e Nayane Neto exibindo brincos by Candy<\/p>\n<p style=\"text-align: center;\"><img decoding=\"async\" class=\" size-full wp-image-94412\" src=\"http:\/\/diarioregionaljf.com.br\/wp-content\/uploads\/2018\/03\/diario-int-25338-8.jpg\" alt=\"fotoi.jpg\" width=\"680\" style=\"display: block; margin-left: auto; margin-right: auto;\" srcset=\"https:\/\/diarioregionaldigital.com.br\/wp-content\/uploads\/2018\/03\/diario-int-25338-8.jpg 680w, https:\/\/diarioregionaldigital.com.br\/wp-content\/uploads\/2018\/03\/diario-int-25338-8-300x199.jpg 300w, https:\/\/diarioregionaldigital.com.br\/wp-content\/uploads\/2018\/03\/diario-int-25338-8-360x238.jpg 360w\" sizes=\"(max-width: 680px) 100vw, 680px\" \/>Locomotivas da sociedade, Veru Campos, Nayane Neto, Ana Paula Calixto e Nayara Neto<\/p>\n<p style=\"text-align: center;\"><img decoding=\"async\" class=\" size-full wp-image-94413\" src=\"http:\/\/diarioregionaljf.com.br\/wp-content\/uploads\/2018\/03\/diario-int-25338-9.jpg\" alt=\"fotoj.jpg\" width=\"680\" style=\"display: block; margin-left: auto; margin-right: auto;\" srcset=\"https:\/\/diarioregionaldigital.com.br\/wp-content\/uploads\/2018\/03\/diario-int-25338-9.jpg 680w, https:\/\/diarioregionaldigital.com.br\/wp-content\/uploads\/2018\/03\/diario-int-25338-9-300x243.jpg 300w, https:\/\/diarioregionaldigital.com.br\/wp-content\/uploads\/2018\/03\/diario-int-25338-9-360x291.jpg 360w\" sizes=\"(max-width: 680px) 100vw, 680px\" \/>O cantor, modelo e enfermeiro Wesley Ferry, um dos favoritos para a final do concurso Mister Juiz de Fora 2018<\/p>\n<p class=\"h4\" style=\"text-align: center;\">FOTOSS\u00cdNTESE<\/p>\n<p>Hoje sexta-feira dia nacional da cerveja, o Shopping Jardim Norte d\u00e1 sequ\u00eancia a sua \u2018happy hour\u2019, a partir das 19h30, com o tom musical de Wash Souza cantando pop rock, MPB e \u2018surf music\u2019. Detalhe: com descontos de at\u00e9 40%.<\/p>\n<p>Patr\u00edcia Malta e Juliano Cruz e Maria Elisa Paiva e Roberto Marques foram prestigiar a diretora Nilza James que coordenou a primeira feira de artesanato da Esta\u00e7\u00e3o Palco, na rua S\u00e3o Sebasti\u00e3o.<\/p>\n<p>De intensa beleza a exposi\u00e7\u00e3o fotogr\u00e1fica \u201cPossione\u201d, de Danilo Moscon, enfeitando as paredes da casa D\u2019It\u00e1lia. A mostra retrata viagem \u00e0 It\u00e1lia, por imagens, que transmitem a sensibilidade do artista com o pa\u00eds.<\/p>\n<p>Bonita e elegante a \u2018designer\u2019 de interiores Paloma Almeida Romanos Ferreira est\u00e1 nas nuvens. Foi aprovada em primeiro lugar para o mestrado em \u201cAmbiente constru\u00eddo\u201d da UFJF.<\/p>\n<p>Recadinho: o fot\u00f3grafo Aelson Amaral j\u00e1 iniciou a 20\u00aa edi\u00e7\u00e3o de seu curso Visor M\u00e1gico.<\/p>\n<p>O jovem Renan Ottoni Nobre Salvadeo recebeu a carteira da OAB em grande estilo. Vibrando muito, sua m\u00e3e a fot\u00f3grafa Andr\u00e9a Ottoni.<\/p>\n<p>At\u00e9 1\u00ba de maio, Circo Maximus se apresenta de ter\u00e7a a domingo, no estacionamento do Shopping Jardim Norte. Em cena, trapezistas, malabaristas, m\u00e1gicos, palha\u00e7os, contorcionistas e acrobatas.<\/p>\n<p>O teatro Solar estar\u00e1 todo iluminado no s\u00e1bado, 24, \u00e0s 20h, para o espet\u00e1culo \u201cDesculpa qualquer Coisa\u201d, Stand-Up com os comediantes Bruno Berg, Bruno Costoli, Jo\u00e3o Bas\u00edlio e Thiago Carmona.<\/p>\n<p>Para quem tem desconfi\u00f4metro: O problema que hoje as pessoas s\u00f3 mostram quem elas realmente s\u00e3o conforme seus interesses. Ou seja se voc\u00ea as est\u00e1 servindo voc\u00ea \u00e9 bacana. Agora se voc\u00ea parar voc\u00ea n\u00e3o vai ser bobo mais. Pense e tenha um bom final de semana.<\/p>\n","protected":false},"excerpt":{"rendered":"<p>LirismoEm seu quarto livro de poesia \u201cA M\u00e1quina de Existir\u201d, o poeta mineiro Fabr\u00edcio Marques mostra uma safra de poemas produzidos nos \u00faltimos quatro anos \u2013 a maior parte no primeiro semestre de 2014. S\u00e3o versos que abordam o amor, a alteridade e a linguagem. Olha S\u00f3O ministro Alexandre de Moraes, do Supremo Tribunal Federal [&hellip;]<\/p>\n","protected":false},"author":96,"featured_media":94404,"comment_status":"closed","ping_status":"closed","sticky":false,"template":"","format":"standard","meta":{"footnotes":""},"categories":[264],"tags":[],"class_list":["post-94414","post","type-post","status-publish","format-standard","has-post-thumbnail","hentry","category-eduardo-gomes"],"_links":{"self":[{"href":"https:\/\/diarioregionaldigital.com.br\/index.php?rest_route=\/wp\/v2\/posts\/94414","targetHints":{"allow":["GET"]}}],"collection":[{"href":"https:\/\/diarioregionaldigital.com.br\/index.php?rest_route=\/wp\/v2\/posts"}],"about":[{"href":"https:\/\/diarioregionaldigital.com.br\/index.php?rest_route=\/wp\/v2\/types\/post"}],"author":[{"embeddable":true,"href":"https:\/\/diarioregionaldigital.com.br\/index.php?rest_route=\/wp\/v2\/users\/96"}],"replies":[{"embeddable":true,"href":"https:\/\/diarioregionaldigital.com.br\/index.php?rest_route=%2Fwp%2Fv2%2Fcomments&post=94414"}],"version-history":[{"count":0,"href":"https:\/\/diarioregionaldigital.com.br\/index.php?rest_route=\/wp\/v2\/posts\/94414\/revisions"}],"wp:featuredmedia":[{"embeddable":true,"href":"https:\/\/diarioregionaldigital.com.br\/index.php?rest_route=\/wp\/v2\/media\/94404"}],"wp:attachment":[{"href":"https:\/\/diarioregionaldigital.com.br\/index.php?rest_route=%2Fwp%2Fv2%2Fmedia&parent=94414"}],"wp:term":[{"taxonomy":"category","embeddable":true,"href":"https:\/\/diarioregionaldigital.com.br\/index.php?rest_route=%2Fwp%2Fv2%2Fcategories&post=94414"},{"taxonomy":"post_tag","embeddable":true,"href":"https:\/\/diarioregionaldigital.com.br\/index.php?rest_route=%2Fwp%2Fv2%2Ftags&post=94414"}],"curies":[{"name":"wp","href":"https:\/\/api.w.org\/{rel}","templated":true}]}}