{"id":94403,"date":"2018-03-22T18:45:19","date_gmt":"2018-03-22T21:45:19","guid":{"rendered":"http:\/\/diarioregionaljf.com.br\/2018\/03\/22\/uber-comeca-operar-em-barbacena-a-partir-desta-quinta-feira\/"},"modified":"2018-03-22T18:45:19","modified_gmt":"2018-03-22T21:45:19","slug":"uber-comeca-operar-em-barbacena-a-partir-desta-quinta-feira","status":"publish","type":"post","link":"https:\/\/diarioregionaldigital.com.br\/?p=94403","title":{"rendered":"Uber come\u00e7a operar em Barbacena a partir desta quinta-feira"},"content":{"rendered":"<p>A partir de hoje, 22, \u00e0s 14h, a Uber vai passar a disponibilizar os servi\u00e7os da plataforma em Barbacena. A presen\u00e7a na cidade faz parte do plano de expans\u00e3o da empresa para o interior de Minas Gerais. A Uber pretende ser parte da cidade oferecendo \u00e0 popula\u00e7\u00e3o uma alternativa acess\u00edvel, moderna e eficiente, para que o barbacenense viva ainda mais a sua cidade.<\/p>\n<p>Inicialmente, a categoria dispon\u00edvel na cidade \u00e9 o uberX e o pagamento poder\u00e1 ser feito com dinheiro, cart\u00e3o de d\u00e9bito e cart\u00e3o de cr\u00e9dito. Para iniciar uma viagem, o usu\u00e1rio deve fazer a solicita\u00e7\u00e3o pelo aplicativo no celular, que pode ser baixado gratuitamente. Ao final da viagem, o valor ser\u00e1 cobrado automaticamente do cart\u00e3o cadastrado.<\/p>\n<p>No Brasil, a Uber est\u00e1 presente em mais de cem cidades, com a miss\u00e3o de oferecer uma alternativa confi\u00e1vel de mobilidade para a popula\u00e7\u00e3o. Em Minas Gerais, a empresa est\u00e1 presente desde 2014, com in\u00edcio das opera\u00e7\u00f5es em Belo Horizonte. Recentemente, o app tamb\u00e9m chegou a Patos de Minas, Pouso Alegre e Varginha. Em todo o Estado, j\u00e1 s\u00e3o mais de 35 mil motoristas parceiros cadastrados.<\/p>\n<p>Fonte: Assessoria<\/p>\n","protected":false},"excerpt":{"rendered":"<p>A partir de hoje, 22, \u00e0s 14h, a Uber vai passar a disponibilizar os servi\u00e7os da plataforma em Barbacena. A presen\u00e7a na cidade faz parte do plano de expans\u00e3o da empresa para o interior de Minas Gerais. A Uber pretende ser parte da cidade oferecendo \u00e0 popula\u00e7\u00e3o uma alternativa acess\u00edvel, moderna e eficiente, para que [&hellip;]<\/p>\n","protected":false},"author":96,"featured_media":94402,"comment_status":"closed","ping_status":"closed","sticky":false,"template":"","format":"standard","meta":{"footnotes":""},"categories":[252],"tags":[],"class_list":["post-94403","post","type-post","status-publish","format-standard","has-post-thumbnail","hentry","category-regiao"],"_links":{"self":[{"href":"https:\/\/diarioregionaldigital.com.br\/index.php?rest_route=\/wp\/v2\/posts\/94403","targetHints":{"allow":["GET"]}}],"collection":[{"href":"https:\/\/diarioregionaldigital.com.br\/index.php?rest_route=\/wp\/v2\/posts"}],"about":[{"href":"https:\/\/diarioregionaldigital.com.br\/index.php?rest_route=\/wp\/v2\/types\/post"}],"author":[{"embeddable":true,"href":"https:\/\/diarioregionaldigital.com.br\/index.php?rest_route=\/wp\/v2\/users\/96"}],"replies":[{"embeddable":true,"href":"https:\/\/diarioregionaldigital.com.br\/index.php?rest_route=%2Fwp%2Fv2%2Fcomments&post=94403"}],"version-history":[{"count":0,"href":"https:\/\/diarioregionaldigital.com.br\/index.php?rest_route=\/wp\/v2\/posts\/94403\/revisions"}],"wp:featuredmedia":[{"embeddable":true,"href":"https:\/\/diarioregionaldigital.com.br\/index.php?rest_route=\/wp\/v2\/media\/94402"}],"wp:attachment":[{"href":"https:\/\/diarioregionaldigital.com.br\/index.php?rest_route=%2Fwp%2Fv2%2Fmedia&parent=94403"}],"wp:term":[{"taxonomy":"category","embeddable":true,"href":"https:\/\/diarioregionaldigital.com.br\/index.php?rest_route=%2Fwp%2Fv2%2Fcategories&post=94403"},{"taxonomy":"post_tag","embeddable":true,"href":"https:\/\/diarioregionaldigital.com.br\/index.php?rest_route=%2Fwp%2Fv2%2Ftags&post=94403"}],"curies":[{"name":"wp","href":"https:\/\/api.w.org\/{rel}","templated":true}]}}