{"id":94401,"date":"2018-03-22T18:39:47","date_gmt":"2018-03-22T21:39:47","guid":{"rendered":"http:\/\/diarioregionaljf.com.br\/2018\/03\/22\/stf-proibe-qualquer-doacao-nao-identificada-para-campanhas-eleitorais\/"},"modified":"2018-03-22T18:39:47","modified_gmt":"2018-03-22T21:39:47","slug":"stf-proibe-qualquer-doacao-nao-identificada-para-campanhas-eleitorais","status":"publish","type":"post","link":"https:\/\/diarioregionaldigital.com.br\/?p=94401","title":{"rendered":"STF pro\u00edbe qualquer doa\u00e7\u00e3o n\u00e3o identificada para campanhas eleitorais"},"content":{"rendered":"<p>O plen\u00e1rio do Supremo Tribunal Federal (STF) decidiu nessa quinta-feira, 22, por 10 votos a 1, que as doa\u00e7\u00f5es feitas por pessoas f\u00edsicas para campanhas eleitorais n\u00e3o podem ser ocultas, precisando ser sempre identificadas, inclusive nas transfer\u00eancias entre partidos e candidatos.<\/p>\n<p>Ap\u00f3s ter sido suspenso na sess\u00e3o de quarta-feira, 21, o julgamento da a\u00e7\u00e3o foi retomado nessa quinta.<\/p>\n<p>O ministro Marco Aur\u00e9lio Mello esclareceu o voto que havia proferido na quarta-feira e foi o \u00fanico a divergir no sentido de que, no caso de transfer\u00eancias de partido para candidato, as doa\u00e7\u00f5es n\u00e3o precisariam ser identificadas. Mas ele ficou vencido pelos demais ministros.<\/p>\n<p>Na a\u00e7\u00e3o direta de inconstitucionalidade (ADI), a Ordem dos Advogados do Brasil (OAB) questionou um dos artigos da reforma eleitoral de 2015, segundo o qual n\u00e3o seria necess\u00e1rio identificar os doadores que deram origem ao dinheiro nas transfer\u00eancias de partido para candidato.<\/p>\n<p>Assim como os ministros Lu\u00eds Roberto Barroso, Rosa Weber, Dias Toffoli, Luiz Fux, Ricardo Lewandowski, Gilmar Mendes e Marco Aur\u00e9lio Mello, os ministros Celso de Mello e C\u00e1rmen L\u00facia, que votaram hoje, acompanharam o entendimento do relator da a\u00e7\u00e3o, ministro Alexandre de Moraes, para quem as doa\u00e7\u00f5es eleitorais devem ser identificadas ao longo de \u201ctodo o caminho percorrido pelo dinheiro destinado \u00e0s campanhas pol\u00edticas\u201d, sem exce\u00e7\u00e3o.<\/p>\n<p>Para Moraes, o ocultamento da identidade dos doadores, sob qualquer hip\u00f3tese, violaria princ\u00edpios republicanos de transpar\u00eancia e impediria o cidad\u00e3o de tomar decis\u00e3o esclarecida sobre o voto. Caso fosse permitida, a doa\u00e7\u00e3o oculta iria contribuir para uma \u201cinflu\u00eancia desproporcional do poder econ\u00f4mico nas elei\u00e7\u00f5es\u201d, concordou Fux em seu voto proferido ontem.<\/p>\n<p>Apesar de votar com a maioria, Gilmar Mendes proferiu um longo voto na a\u00e7\u00e3o, no qual voltou a criticar o que chamou de \u201cdesastrosa\u201d decis\u00e3o do Supremo, tomada em 2015, de proibir as doa\u00e7\u00f5es eleitorais por empresas. Ele defendeu a separa\u00e7\u00e3o dos poderes e o respeito ao que for decidido pelo Legislativo.<\/p>\n<p>&#8220;A reforma pol\u00edtica feita pelo Judici\u00e1rio leva a problemas e a cat\u00e1strofes. Est\u00e1 evidente tamb\u00e9m no debate que se travou quanto \u00e0 doa\u00e7\u00e3o de empresas privadas. O resultado est\u00e1 a\u00ed. Nenhuma d\u00favida em rela\u00e7\u00e3o a isso&#8221;, disse Mendes. Ainda assim, ele afirmou ser indubit\u00e1vel que as doa\u00e7\u00f5es ocultas seriam inconstitucionais e tamb\u00e9m acompanhou o relator.<\/p>\n<p>Fonte: Ag\u00eancia Brasil<\/p>\n","protected":false},"excerpt":{"rendered":"<p>O plen\u00e1rio do Supremo Tribunal Federal (STF) decidiu nessa quinta-feira, 22, por 10 votos a 1, que as doa\u00e7\u00f5es feitas por pessoas f\u00edsicas para campanhas eleitorais n\u00e3o podem ser ocultas, precisando ser sempre identificadas, inclusive nas transfer\u00eancias entre partidos e candidatos. Ap\u00f3s ter sido suspenso na sess\u00e3o de quarta-feira, 21, o julgamento da a\u00e7\u00e3o foi [&hellip;]<\/p>\n","protected":false},"author":96,"featured_media":94400,"comment_status":"closed","ping_status":"closed","sticky":false,"template":"","format":"standard","meta":{"footnotes":""},"categories":[254],"tags":[],"class_list":["post-94401","post","type-post","status-publish","format-standard","has-post-thumbnail","hentry","category-politica"],"_links":{"self":[{"href":"https:\/\/diarioregionaldigital.com.br\/index.php?rest_route=\/wp\/v2\/posts\/94401","targetHints":{"allow":["GET"]}}],"collection":[{"href":"https:\/\/diarioregionaldigital.com.br\/index.php?rest_route=\/wp\/v2\/posts"}],"about":[{"href":"https:\/\/diarioregionaldigital.com.br\/index.php?rest_route=\/wp\/v2\/types\/post"}],"author":[{"embeddable":true,"href":"https:\/\/diarioregionaldigital.com.br\/index.php?rest_route=\/wp\/v2\/users\/96"}],"replies":[{"embeddable":true,"href":"https:\/\/diarioregionaldigital.com.br\/index.php?rest_route=%2Fwp%2Fv2%2Fcomments&post=94401"}],"version-history":[{"count":0,"href":"https:\/\/diarioregionaldigital.com.br\/index.php?rest_route=\/wp\/v2\/posts\/94401\/revisions"}],"wp:featuredmedia":[{"embeddable":true,"href":"https:\/\/diarioregionaldigital.com.br\/index.php?rest_route=\/wp\/v2\/media\/94400"}],"wp:attachment":[{"href":"https:\/\/diarioregionaldigital.com.br\/index.php?rest_route=%2Fwp%2Fv2%2Fmedia&parent=94401"}],"wp:term":[{"taxonomy":"category","embeddable":true,"href":"https:\/\/diarioregionaldigital.com.br\/index.php?rest_route=%2Fwp%2Fv2%2Fcategories&post=94401"},{"taxonomy":"post_tag","embeddable":true,"href":"https:\/\/diarioregionaldigital.com.br\/index.php?rest_route=%2Fwp%2Fv2%2Ftags&post=94401"}],"curies":[{"name":"wp","href":"https:\/\/api.w.org\/{rel}","templated":true}]}}