{"id":94399,"date":"2018-03-22T18:33:29","date_gmt":"2018-03-22T21:33:29","guid":{"rendered":"http:\/\/diarioregionaljf.com.br\/2018\/03\/22\/mpf-ratifica-denuncia-e-inclui-cinco-em-processo-sobre-mdb-na-camara\/"},"modified":"2018-03-22T18:33:29","modified_gmt":"2018-03-22T21:33:29","slug":"mpf-ratifica-denuncia-e-inclui-cinco-em-processo-sobre-mdb-na-camara","status":"publish","type":"post","link":"https:\/\/diarioregionaldigital.com.br\/?p=94399","title":{"rendered":"MPF ratifica den\u00fancia e inclui cinco em processo sobre MDB na C\u00e2mara"},"content":{"rendered":"<p>O Minist\u00e9rio P\u00fablico Federal (MPF) ratificou nessa quarta-feira, 21, den\u00fancia contra ex-integrantes da bancada do MDB na C\u00e2mara dos Deputados, que havia sido feita em setembro do ano passado pelo ent\u00e3o procurador-geral da Rep\u00fablica, Rodrigo Janot.<\/p>\n<p>As investiga\u00e7\u00f5es envolveram o presidente Michel Temer e os ministros Eliseu Padilha (Casa Civil) e Moreira Franco (Secretaria Especial da Presid\u00eancia), bem como os ex-deputados Eduardo Cunha, Geddel Vieira Lima, Henrique Eduardo Alves e Rodrigo Rocha Loures.<\/p>\n<p>A parte das investiga\u00e7\u00f5es envolvendo pessoas sem foro privilegiado foi enviada, em dezembro, para a primeira inst\u00e2ncia da Justi\u00e7a Federal em Bras\u00edlia e foi distribu\u00edda para o juiz Marcus Vinicius Reis Bastos, da 12\u00aa Vara Federal.<\/p>\n<p>Al\u00e9m de ratificar a primeira den\u00fancia, os procuradores acusaram outras cinco pessoas pelo crime de integrar organiza\u00e7\u00e3o criminosa, informou o MPF, mas sem identificar os novos acusados. No aditamento \u00e0 den\u00fancia, os procuradores pediram tamb\u00e9m a retirada do sigilo do processo.<\/p>\n<p>Por meio de nota, os procuradores disseram que \u201co aditamento se faz necess\u00e1rio porque a den\u00fancia oferecida pelo ex-procurador-geral da Rep\u00fablica Rodrigo Janot tinha como foco apenas pessoas com prerrogativa de foro ou que tivessem rela\u00e7\u00e3o direta com estas\u201d.<\/p>\n<p>\u201cO aditamento traz novos e robustos elementos probat\u00f3rios obtidos nas investiga\u00e7\u00f5es conduzidas pela for\u00e7a-tarefa, a partir de documentos coletados na Opera\u00e7\u00e3o Patmos, realizada em maio do ano passado\u201d, acrescenta o texto.<\/p>\n<p>Fonte: Ag\u00eancia Brasil<\/p>\n","protected":false},"excerpt":{"rendered":"<p>O Minist\u00e9rio P\u00fablico Federal (MPF) ratificou nessa quarta-feira, 21, den\u00fancia contra ex-integrantes da bancada do MDB na C\u00e2mara dos Deputados, que havia sido feita em setembro do ano passado pelo ent\u00e3o procurador-geral da Rep\u00fablica, Rodrigo Janot. As investiga\u00e7\u00f5es envolveram o presidente Michel Temer e os ministros Eliseu Padilha (Casa Civil) e Moreira Franco (Secretaria Especial [&hellip;]<\/p>\n","protected":false},"author":96,"featured_media":94398,"comment_status":"closed","ping_status":"closed","sticky":false,"template":"","format":"standard","meta":{"footnotes":""},"categories":[254],"tags":[],"class_list":["post-94399","post","type-post","status-publish","format-standard","has-post-thumbnail","hentry","category-politica"],"_links":{"self":[{"href":"https:\/\/diarioregionaldigital.com.br\/index.php?rest_route=\/wp\/v2\/posts\/94399","targetHints":{"allow":["GET"]}}],"collection":[{"href":"https:\/\/diarioregionaldigital.com.br\/index.php?rest_route=\/wp\/v2\/posts"}],"about":[{"href":"https:\/\/diarioregionaldigital.com.br\/index.php?rest_route=\/wp\/v2\/types\/post"}],"author":[{"embeddable":true,"href":"https:\/\/diarioregionaldigital.com.br\/index.php?rest_route=\/wp\/v2\/users\/96"}],"replies":[{"embeddable":true,"href":"https:\/\/diarioregionaldigital.com.br\/index.php?rest_route=%2Fwp%2Fv2%2Fcomments&post=94399"}],"version-history":[{"count":0,"href":"https:\/\/diarioregionaldigital.com.br\/index.php?rest_route=\/wp\/v2\/posts\/94399\/revisions"}],"wp:featuredmedia":[{"embeddable":true,"href":"https:\/\/diarioregionaldigital.com.br\/index.php?rest_route=\/wp\/v2\/media\/94398"}],"wp:attachment":[{"href":"https:\/\/diarioregionaldigital.com.br\/index.php?rest_route=%2Fwp%2Fv2%2Fmedia&parent=94399"}],"wp:term":[{"taxonomy":"category","embeddable":true,"href":"https:\/\/diarioregionaldigital.com.br\/index.php?rest_route=%2Fwp%2Fv2%2Fcategories&post=94399"},{"taxonomy":"post_tag","embeddable":true,"href":"https:\/\/diarioregionaldigital.com.br\/index.php?rest_route=%2Fwp%2Fv2%2Ftags&post=94399"}],"curies":[{"name":"wp","href":"https:\/\/api.w.org\/{rel}","templated":true}]}}