{"id":94393,"date":"2018-03-22T18:13:12","date_gmt":"2018-03-22T21:13:12","guid":{"rendered":"http:\/\/diarioregionaljf.com.br\/2018\/03\/22\/expectativa-da-industria-de-aumento-do-emprego-e-positiva-pelo-terceiro-mes-consecutivo\/"},"modified":"2018-03-22T18:13:12","modified_gmt":"2018-03-22T21:13:12","slug":"expectativa-da-industria-de-aumento-do-emprego-e-positiva-pelo-terceiro-mes-consecutivo","status":"publish","type":"post","link":"https:\/\/diarioregionaldigital.com.br\/?p=94393","title":{"rendered":"Expectativa da ind\u00fastria de aumento do emprego \u00e9 positiva pelo terceiro m\u00eas consecutivo"},"content":{"rendered":"<p>Os empres\u00e1rios da ind\u00fastria seguem otimistas em rela\u00e7\u00e3o ao aumento do n\u00famero de trabalhadores nos pr\u00f3ximos seis meses, de acordo com a Sondagem Industrial, divulgada pela Confedera\u00e7\u00e3o Nacional da Ind\u00fastria (CNI).<\/p>\n<p>O \u00edndice de expectativa do n\u00famero de empregados atingiu 51,4 pontos em mar\u00e7o, praticamente est\u00e1vel em rela\u00e7\u00e3o a fevereiro, quando alcan\u00e7ou 51,2 pontos. Pelo terceiro m\u00eas consecutivo, o \u00edndice esteve acima da linha divis\u00f3ria de 50 pontos, o que indica perspectiva de expans\u00e3o do emprego industrial.<\/p>\n<p>O emprego efetivo na ind\u00fastria tamb\u00e9m permaneceu est\u00e1vel em fevereiro. O \u00edndice de evolu\u00e7\u00e3o do n\u00famero de empregados registrou 49,6 pontos em fevereiro, ficando praticamente sobre a linha divis\u00f3ria de 50 pontos. Mesmo assim, \u00e9 um dado positivo, pois \u00e9 a segunda vez, desde outubro de 2013, que o indicador revela estabilidade em postos de trabalho. \u201cA manuten\u00e7\u00e3o do emprego, ap\u00f3s um longo per\u00edodo de recuo, j\u00e1 \u00e9 um ind\u00edcio importante que a retomada da ind\u00fastria est\u00e1 em curso\u201d, afirma o economista da CNI Marcelo Azevedo.<\/p>\n<p>A ind\u00fastria tamb\u00e9m est\u00e1 otimista com rela\u00e7\u00e3o \u00e0 demanda, \u00e0s exporta\u00e7\u00f5es e \u00e0s compras de mat\u00e9rias-primas. Em mar\u00e7o, o \u00edndice de expectativa de demanda atingiu 59 pontos, uma evolu\u00e7\u00e3o em rela\u00e7\u00e3o a fevereiro (58,3 pontos). O indicador de quantidade exportada ficou est\u00e1vel em 55,3 pontos (eram 55,4 pontos no m\u00eas passado), semelhante ao \u00edndice de compras de mat\u00e9rias-primas, que alcan\u00e7ou 56,7 pontos. \u201cTodos os \u00edndices de expectativas mostram crescimento moderado do otimismo para os pr\u00f3ximos seis meses\u201d, mostra o documento.<\/p>\n<p>Al\u00e9m disso, a inten\u00e7\u00e3o de investimento encontra-se acima da m\u00e9dia da s\u00e9rie hist\u00f3rica, apontando que os empres\u00e1rios est\u00e3o propensos a investir. Esse indicador passou de 53,6 pontos em fevereiro para 53,3 em mar\u00e7o. Apesar da leve queda, a pesquisa destaca que o \u00edndice encontra-se 5,4 pontos acima da m\u00e9dia da s\u00e9rie hist\u00f3rica (47,9 pontos) e 6,7 pontos acima do registrado em mar\u00e7o de 2017.<\/p>\n<h4>DESEMPENHO EM FEVEREIRO<\/h4>\n<p>O desempenho efetivo da ind\u00fastria em fevereiro, no entanto, continuou em decl\u00ednio. O \u00edndice de evolu\u00e7\u00e3o da produ\u00e7\u00e3o intensificou a queda registrada em janeiro e manteve-se abaixo dos 50 pontos. Passou de 48,4 para 46,5 pontos. Apesar da queda, o indicador \u00e9 2,1 pontos superior ao registrado em fevereiro de 2017 e \u00e9 o maior para o m\u00eas desde 2014, quando registrou 48,3 pontos.<\/p>\n<p>Al\u00e9m disso, a ociosidade segue elevada e os estoques, como planejado. A utiliza\u00e7\u00e3o da capacidade instalada alcan\u00e7ou 64% em fevereiro, ligeiramente maior do que o observado no mesmo m\u00eas de 2017 (63%) e 2016 (62%).<\/p>\n<p>Tanto o \u00edndice de evolu\u00e7\u00e3o do n\u00edvel de estoques quanto o \u00edndice de n\u00edvel de estoques efetivo-planejado registraram 49,7 pontos, pr\u00f3ximos \u00e0 linha divis\u00f3ria de 50 pontos.<\/p>\n<hr \/>\n<p>&nbsp;Fonte: Ag\u00eancia Brasil<\/p>\n","protected":false},"excerpt":{"rendered":"<p>Os empres\u00e1rios da ind\u00fastria seguem otimistas em rela\u00e7\u00e3o ao aumento do n\u00famero de trabalhadores nos pr\u00f3ximos seis meses, de acordo com a Sondagem Industrial, divulgada pela Confedera\u00e7\u00e3o Nacional da Ind\u00fastria (CNI). O \u00edndice de expectativa do n\u00famero de empregados atingiu 51,4 pontos em mar\u00e7o, praticamente est\u00e1vel em rela\u00e7\u00e3o a fevereiro, quando alcan\u00e7ou 51,2 pontos. Pelo [&hellip;]<\/p>\n","protected":false},"author":96,"featured_media":94392,"comment_status":"closed","ping_status":"closed","sticky":false,"template":"","format":"standard","meta":{"footnotes":""},"categories":[261],"tags":[],"class_list":["post-94393","post","type-post","status-publish","format-standard","has-post-thumbnail","hentry","category-economia"],"_links":{"self":[{"href":"https:\/\/diarioregionaldigital.com.br\/index.php?rest_route=\/wp\/v2\/posts\/94393","targetHints":{"allow":["GET"]}}],"collection":[{"href":"https:\/\/diarioregionaldigital.com.br\/index.php?rest_route=\/wp\/v2\/posts"}],"about":[{"href":"https:\/\/diarioregionaldigital.com.br\/index.php?rest_route=\/wp\/v2\/types\/post"}],"author":[{"embeddable":true,"href":"https:\/\/diarioregionaldigital.com.br\/index.php?rest_route=\/wp\/v2\/users\/96"}],"replies":[{"embeddable":true,"href":"https:\/\/diarioregionaldigital.com.br\/index.php?rest_route=%2Fwp%2Fv2%2Fcomments&post=94393"}],"version-history":[{"count":0,"href":"https:\/\/diarioregionaldigital.com.br\/index.php?rest_route=\/wp\/v2\/posts\/94393\/revisions"}],"wp:featuredmedia":[{"embeddable":true,"href":"https:\/\/diarioregionaldigital.com.br\/index.php?rest_route=\/wp\/v2\/media\/94392"}],"wp:attachment":[{"href":"https:\/\/diarioregionaldigital.com.br\/index.php?rest_route=%2Fwp%2Fv2%2Fmedia&parent=94393"}],"wp:term":[{"taxonomy":"category","embeddable":true,"href":"https:\/\/diarioregionaldigital.com.br\/index.php?rest_route=%2Fwp%2Fv2%2Fcategories&post=94393"},{"taxonomy":"post_tag","embeddable":true,"href":"https:\/\/diarioregionaldigital.com.br\/index.php?rest_route=%2Fwp%2Fv2%2Ftags&post=94393"}],"curies":[{"name":"wp","href":"https:\/\/api.w.org\/{rel}","templated":true}]}}