{"id":94391,"date":"2018-03-22T18:04:13","date_gmt":"2018-03-22T21:04:13","guid":{"rendered":"http:\/\/diarioregionaljf.com.br\/2018\/03\/22\/abate-de-carne-bovina-cresce-no-brasil-pela-primeira-vez-em-tres-anos\/"},"modified":"2018-03-22T18:04:13","modified_gmt":"2018-03-22T21:04:13","slug":"abate-de-carne-bovina-cresce-no-brasil-pela-primeira-vez-em-tres-anos","status":"publish","type":"post","link":"https:\/\/diarioregionaldigital.com.br\/?p=94391","title":{"rendered":"Abate de carne bovina cresce no Brasil pela primeira vez em tr\u00eas anos"},"content":{"rendered":"<p>Ap\u00f3s tr\u00eas anos em queda, o abate de bovinos cresceu 3,8% no ano passado, atingindo 30,82 milh\u00f5es de cabe\u00e7as de gado. Os dados foram divulgados pelo Instituto Brasileiro de Geografia e Estat\u00edstica (IBGE). Na avalia\u00e7\u00e3o do IBGE, o resultado \u00e9 uma demonstra\u00e7\u00e3o de for\u00e7a da pecu\u00e1ria, que enfrentou um ano desafiador em 2017 e, ainda assim, conseguiu vencer as adversidades.<\/p>\n<p>\u201cFoi um ano desafiador para a pecu\u00e1ria por conta da demanda ainda enfraquecida no mercado interno e da opera\u00e7\u00e3o da Pol\u00edcia Federal Carne Fraca\u201d, explicou a gerente de pecu\u00e1ria do IBGE, Angela Lord\u00e3o. Ela citou o aumento de 12,1% nas exporta\u00e7\u00f5es de carne bovina como um dos principais fatores que levaram \u00e0 alta nos abates.<\/p>\n<h4>Carne Su\u00edna<\/h4>\n<p>Pela primeira vez desde 2008, a varia\u00e7\u00e3o no crescimento de abate dos bovinos no ano passado foi maior que o de su\u00ednos. No entanto, o abate de carnes de porco avan\u00e7ou 2% e atingiu 43,2 milh\u00f5es de cabe\u00e7as, uma marca recorde. Esse resultado pode ser explicado pela supersafra agr\u00edcola, que derrubou o pre\u00e7o das ra\u00e7\u00f5es e contribu\u00edram para o aumento na atividade dos produtores.<\/p>\n<hr \/>\n<p>&nbsp;Fonte; Portal Brasil<\/p>\n","protected":false},"excerpt":{"rendered":"<p>Ap\u00f3s tr\u00eas anos em queda, o abate de bovinos cresceu 3,8% no ano passado, atingindo 30,82 milh\u00f5es de cabe\u00e7as de gado. Os dados foram divulgados pelo Instituto Brasileiro de Geografia e Estat\u00edstica (IBGE). Na avalia\u00e7\u00e3o do IBGE, o resultado \u00e9 uma demonstra\u00e7\u00e3o de for\u00e7a da pecu\u00e1ria, que enfrentou um ano desafiador em 2017 e, ainda [&hellip;]<\/p>\n","protected":false},"author":96,"featured_media":94390,"comment_status":"closed","ping_status":"closed","sticky":false,"template":"","format":"standard","meta":{"footnotes":""},"categories":[261],"tags":[],"class_list":["post-94391","post","type-post","status-publish","format-standard","has-post-thumbnail","hentry","category-economia"],"_links":{"self":[{"href":"https:\/\/diarioregionaldigital.com.br\/index.php?rest_route=\/wp\/v2\/posts\/94391","targetHints":{"allow":["GET"]}}],"collection":[{"href":"https:\/\/diarioregionaldigital.com.br\/index.php?rest_route=\/wp\/v2\/posts"}],"about":[{"href":"https:\/\/diarioregionaldigital.com.br\/index.php?rest_route=\/wp\/v2\/types\/post"}],"author":[{"embeddable":true,"href":"https:\/\/diarioregionaldigital.com.br\/index.php?rest_route=\/wp\/v2\/users\/96"}],"replies":[{"embeddable":true,"href":"https:\/\/diarioregionaldigital.com.br\/index.php?rest_route=%2Fwp%2Fv2%2Fcomments&post=94391"}],"version-history":[{"count":0,"href":"https:\/\/diarioregionaldigital.com.br\/index.php?rest_route=\/wp\/v2\/posts\/94391\/revisions"}],"wp:featuredmedia":[{"embeddable":true,"href":"https:\/\/diarioregionaldigital.com.br\/index.php?rest_route=\/wp\/v2\/media\/94390"}],"wp:attachment":[{"href":"https:\/\/diarioregionaldigital.com.br\/index.php?rest_route=%2Fwp%2Fv2%2Fmedia&parent=94391"}],"wp:term":[{"taxonomy":"category","embeddable":true,"href":"https:\/\/diarioregionaldigital.com.br\/index.php?rest_route=%2Fwp%2Fv2%2Fcategories&post=94391"},{"taxonomy":"post_tag","embeddable":true,"href":"https:\/\/diarioregionaldigital.com.br\/index.php?rest_route=%2Fwp%2Fv2%2Ftags&post=94391"}],"curies":[{"name":"wp","href":"https:\/\/api.w.org\/{rel}","templated":true}]}}