{"id":94389,"date":"2018-03-22T18:00:03","date_gmt":"2018-03-22T21:00:03","guid":{"rendered":"http:\/\/diarioregionaljf.com.br\/2018\/03\/22\/inclusao-de-idosos-como-dependentes-exige-cuidado-para-nao-aumentar-ir\/"},"modified":"2018-03-22T18:00:03","modified_gmt":"2018-03-22T21:00:03","slug":"inclusao-de-idosos-como-dependentes-exige-cuidado-para-nao-aumentar-ir","status":"publish","type":"post","link":"https:\/\/diarioregionaldigital.com.br\/?p=94389","title":{"rendered":"Inclus\u00e3o de idosos como dependentes exige cuidado para n\u00e3o aumentar IR"},"content":{"rendered":"<p>Uma das possibilidades para ampliar as dedu\u00e7\u00f5es do Imposto de Renda Pessoa F\u00edsica (IRPF), a inclus\u00e3o de dependentes idosos exige cuidados. Em vez de reduzir o imposto a pagar ou aumentar a restitui\u00e7\u00e3o a receber, a rela\u00e7\u00e3o de pais, av\u00f3s e bisav\u00f3s como dependentes na declara\u00e7\u00e3o pode ter o efeito contr\u00e1rio.<\/p>\n<p>Pela legisla\u00e7\u00e3o, podem ser inclu\u00eddos como dependentes na declara\u00e7\u00e3o do Imposto de Renda pais, av\u00f3s e bisav\u00f3s que tenham recebido rendimentos \u2013 tribut\u00e1veis ou n\u00e3o \u2013 de at\u00e9 R$22.847,76 em 2017 cada um. Sogros dentro desse limite de rendimentos tamb\u00e9m podem ser registrados, no caso de declara\u00e7\u00e3o conjunta do casal.<\/p>\n<p>O declarante pode deduzir at\u00e9 R$2.275,09 por dependente. A inclus\u00e3o de idosos na declara\u00e7\u00e3o, no entanto, requer cuidados porque o contribuinte ser\u00e1 obrigado a informar os rendimentos de cada dependente, o que pode aumentar a base de c\u00e1lculo e elevar o imposto a pagar ou diminuir o valor da restitui\u00e7\u00e3o.<\/p>\n<p>A Receita Federal recomenda que o contribuinte teste as op\u00e7\u00f5es no programa preenchedor da declara\u00e7\u00e3o do IRPF para ver qual das possibilidades \u00e9 mais vantajosa: a inclus\u00e3o ou a exclus\u00e3o dos dependentes idosos. Quanto mais gastos por dependente o contribuinte puder deduzir, maior a chance de aumentar o valor da restitui\u00e7\u00e3o (ou diminuir o imposto a pagar). Dessa forma, todos os comprovantes de gastos com idosos, como despesas m\u00e9dicas, devem ser guardados para elevar o valor deduzido.<\/p>\n<p>O Fisco orienta os declarantes a terem aten\u00e7\u00e3o ao declarar as fontes de renda. Isso porque omiss\u00f5es ou imprecis\u00f5es nos rendimentos pr\u00f3prios e de dependentes representam algumas das principais raz\u00f5es de reten\u00e7\u00e3o da declara\u00e7\u00e3o na malha fina.<\/p>\n<hr \/>\n<p>&nbsp;Fonte: Ag\u00eancia Brasil<\/p>\n","protected":false},"excerpt":{"rendered":"<p>Uma das possibilidades para ampliar as dedu\u00e7\u00f5es do Imposto de Renda Pessoa F\u00edsica (IRPF), a inclus\u00e3o de dependentes idosos exige cuidados. Em vez de reduzir o imposto a pagar ou aumentar a restitui\u00e7\u00e3o a receber, a rela\u00e7\u00e3o de pais, av\u00f3s e bisav\u00f3s como dependentes na declara\u00e7\u00e3o pode ter o efeito contr\u00e1rio. Pela legisla\u00e7\u00e3o, podem ser [&hellip;]<\/p>\n","protected":false},"author":96,"featured_media":94388,"comment_status":"closed","ping_status":"closed","sticky":false,"template":"","format":"standard","meta":{"footnotes":""},"categories":[261],"tags":[],"class_list":["post-94389","post","type-post","status-publish","format-standard","has-post-thumbnail","hentry","category-economia"],"_links":{"self":[{"href":"https:\/\/diarioregionaldigital.com.br\/index.php?rest_route=\/wp\/v2\/posts\/94389","targetHints":{"allow":["GET"]}}],"collection":[{"href":"https:\/\/diarioregionaldigital.com.br\/index.php?rest_route=\/wp\/v2\/posts"}],"about":[{"href":"https:\/\/diarioregionaldigital.com.br\/index.php?rest_route=\/wp\/v2\/types\/post"}],"author":[{"embeddable":true,"href":"https:\/\/diarioregionaldigital.com.br\/index.php?rest_route=\/wp\/v2\/users\/96"}],"replies":[{"embeddable":true,"href":"https:\/\/diarioregionaldigital.com.br\/index.php?rest_route=%2Fwp%2Fv2%2Fcomments&post=94389"}],"version-history":[{"count":0,"href":"https:\/\/diarioregionaldigital.com.br\/index.php?rest_route=\/wp\/v2\/posts\/94389\/revisions"}],"wp:featuredmedia":[{"embeddable":true,"href":"https:\/\/diarioregionaldigital.com.br\/index.php?rest_route=\/wp\/v2\/media\/94388"}],"wp:attachment":[{"href":"https:\/\/diarioregionaldigital.com.br\/index.php?rest_route=%2Fwp%2Fv2%2Fmedia&parent=94389"}],"wp:term":[{"taxonomy":"category","embeddable":true,"href":"https:\/\/diarioregionaldigital.com.br\/index.php?rest_route=%2Fwp%2Fv2%2Fcategories&post=94389"},{"taxonomy":"post_tag","embeddable":true,"href":"https:\/\/diarioregionaldigital.com.br\/index.php?rest_route=%2Fwp%2Fv2%2Ftags&post=94389"}],"curies":[{"name":"wp","href":"https:\/\/api.w.org\/{rel}","templated":true}]}}