{"id":94379,"date":"2018-03-22T17:15:51","date_gmt":"2018-03-22T20:15:51","guid":{"rendered":"http:\/\/diarioregionaljf.com.br\/2018\/03\/22\/pc-identifica-mandante-e-executor-do-homicidio-de-taxista-no-alto-santo-antonio\/"},"modified":"2018-03-22T17:15:51","modified_gmt":"2018-03-22T20:15:51","slug":"pc-identifica-mandante-e-executor-do-homicidio-de-taxista-no-alto-santo-antonio","status":"publish","type":"post","link":"https:\/\/diarioregionaldigital.com.br\/?p=94379","title":{"rendered":"PC identifica mandante e executor do homic\u00eddio de taxista no Alto Santo Ant\u00f4nio"},"content":{"rendered":"<p>A Pol\u00edcia Civil (PC) apresentou na manh\u00e3 dessa quinta-feira, 22, dois suspeitos de terem assassinado um taxista de 23 anos, em 27 de julho de 2017, no bairro Alto Santo Ant\u00f4nio, zona Sudeste. Segundo o titular da Delegacia Especializada de Homic\u00eddios (DEH), Rodrigo Rolli, \u201ca v\u00edtima n\u00e3o tinha nenhum envolvimento com qualquer tipo de criminalidade e era trabalhadora. Ele foi assassinado com aproximadamente nove tiros e de acordo com as investiga\u00e7\u00f5es e os motivos do crime estariam relacionados a ci\u00fames\u201d.<\/p>\n<p>Rolli explicou que o poss\u00edvel mandante do crime, de 32 anos, acreditava que o taxista tinha envolvimento com sua companheira, uma jovem de 22 anos. \u201cEstando preso e condenado a 52 anos por ter cometido homic\u00eddios, tr\u00e1fico de drogas e roubos no bairro Alto Santo Ant\u00f4nio, ele teria mandado, de dentro da pris\u00e3o, a ordem para execu\u00e7\u00e3o do taxista\u201d esclareceu o delegado. A autoridade policial ainda apontou que ainda n\u00e3o est\u00e1 claro como a ordem saiu de dentro da Penitenci\u00e1ria Ariosvaldo Campos Pires, se por celular ou atrav\u00e9s de visitas, e que isso tamb\u00e9m ser\u00e1 investigado.<\/p>\n<p>Ap\u00f3s o envio da ordem de execu\u00e7\u00e3o, um jovem de 18 anos, tamb\u00e9m envolvido com outros crimes no bairro, teria aguardado a v\u00edtima chegar de seu turno de servi\u00e7o \u00e0 noite e atrav\u00e9s de uma emboscada efetuou os disparos executando-o enquanto caminhava em dire\u00e7\u00e3o \u00e0 sua resid\u00eancia, por volta das 22h30. Conforme o delegado, o executor foi preso h\u00e1 tr\u00eas dias, por envolvimento com tr\u00e1fico de drogas e clonagem de ve\u00edculo.<\/p>\n<p>Durante as investiga\u00e7\u00f5es a jovem envolvida com o mandante tamb\u00e9m foi ouvida e afirmou que conhecia a v\u00edtima desde a inf\u00e2ncia. Ela explicou que chegaram a ter um relacionamento por quatro anos, entretanto, h\u00e1 tr\u00eas anos se separaram e, a partir de ent\u00e3o, passaram apenas a se cumprimentar.<\/p>\n<p>A PC tamb\u00e9m descobriu que o mandante do crime chegou a avisar aos moradores do bairro e inclusive ao pr\u00f3prio taxista, que o mesmo deixasse o local. A v\u00edtima, por\u00e9m, n\u00e3o acreditou nas amea\u00e7as e permaneceu, por ter crescido no bairro.<\/p>\n<p>Os suspeitos j\u00e1 haviam sido ouvidos pela pol\u00edcia no ano passado e na ocasi\u00e3o, negaram qualquer envolvimento com o crime. As investiga\u00e7\u00f5es, por\u00e9m, com os depoimentos das testemunhas, chegaram a conclus\u00f5es que indicam de fato o envolvimento dos mesmos no homic\u00eddio. O processo agora segue para a Justi\u00e7a.<\/p>\n","protected":false},"excerpt":{"rendered":"<p>A Pol\u00edcia Civil (PC) apresentou na manh\u00e3 dessa quinta-feira, 22, dois suspeitos de terem assassinado um taxista de 23 anos, em 27 de julho de 2017, no bairro Alto Santo Ant\u00f4nio, zona Sudeste. Segundo o titular da Delegacia Especializada de Homic\u00eddios (DEH), Rodrigo Rolli, \u201ca v\u00edtima n\u00e3o tinha nenhum envolvimento com qualquer tipo de criminalidade [&hellip;]<\/p>\n","protected":false},"author":96,"featured_media":94378,"comment_status":"closed","ping_status":"closed","sticky":false,"template":"","format":"standard","meta":{"footnotes":""},"categories":[253],"tags":[],"class_list":["post-94379","post","type-post","status-publish","format-standard","has-post-thumbnail","hentry","category-cidade"],"_links":{"self":[{"href":"https:\/\/diarioregionaldigital.com.br\/index.php?rest_route=\/wp\/v2\/posts\/94379","targetHints":{"allow":["GET"]}}],"collection":[{"href":"https:\/\/diarioregionaldigital.com.br\/index.php?rest_route=\/wp\/v2\/posts"}],"about":[{"href":"https:\/\/diarioregionaldigital.com.br\/index.php?rest_route=\/wp\/v2\/types\/post"}],"author":[{"embeddable":true,"href":"https:\/\/diarioregionaldigital.com.br\/index.php?rest_route=\/wp\/v2\/users\/96"}],"replies":[{"embeddable":true,"href":"https:\/\/diarioregionaldigital.com.br\/index.php?rest_route=%2Fwp%2Fv2%2Fcomments&post=94379"}],"version-history":[{"count":0,"href":"https:\/\/diarioregionaldigital.com.br\/index.php?rest_route=\/wp\/v2\/posts\/94379\/revisions"}],"wp:featuredmedia":[{"embeddable":true,"href":"https:\/\/diarioregionaldigital.com.br\/index.php?rest_route=\/wp\/v2\/media\/94378"}],"wp:attachment":[{"href":"https:\/\/diarioregionaldigital.com.br\/index.php?rest_route=%2Fwp%2Fv2%2Fmedia&parent=94379"}],"wp:term":[{"taxonomy":"category","embeddable":true,"href":"https:\/\/diarioregionaldigital.com.br\/index.php?rest_route=%2Fwp%2Fv2%2Fcategories&post=94379"},{"taxonomy":"post_tag","embeddable":true,"href":"https:\/\/diarioregionaldigital.com.br\/index.php?rest_route=%2Fwp%2Fv2%2Ftags&post=94379"}],"curies":[{"name":"wp","href":"https:\/\/api.w.org\/{rel}","templated":true}]}}