{"id":94377,"date":"2018-03-22T15:00:52","date_gmt":"2018-03-22T18:00:52","guid":{"rendered":"http:\/\/diarioregionaljf.com.br\/2018\/03\/22\/fieis-da-paroquia-nossa-senhora-do-libano-promovem-mutirao-de-limpeza-de-praca-no-grajau\/"},"modified":"2018-03-22T15:00:52","modified_gmt":"2018-03-22T18:00:52","slug":"fieis-da-paroquia-nossa-senhora-do-libano-promovem-mutirao-de-limpeza-de-praca-no-grajau","status":"publish","type":"post","link":"https:\/\/diarioregionaldigital.com.br\/?p=94377","title":{"rendered":"Fi\u00e9is da Par\u00f3quia Nossa Senhora do L\u00edbano promovem mutir\u00e3o de limpeza de pra\u00e7a no Graja\u00fa"},"content":{"rendered":"<p>No pr\u00f3ximo s\u00e1bado, 24, a partir da 9h, os paroquianos da Par\u00f3quia Nossa Senhora do L\u00edbano, localizada no Bairro Graja\u00fa, promover\u00e3o um mutir\u00e3o de limpeza na pra\u00e7a central do bairro. O local \u00e9 utilizado pelos moradores para momentos de lazer e tamb\u00e9m de ora\u00e7\u00e3o.<\/p>\n<p>Segundo o administrador paroquial, Padre Welington Nascimento de Souza, no domingo, 25, a Prociss\u00e3o de Ramos ter\u00e1 in\u00edcio na pra\u00e7a e, por isso, surgiu a necessidade da faxina. \u201cA nossa pra\u00e7a est\u00e1 abandonada, muito suja, com muito lixo. Seja porque a Prefeitura n\u00e3o presta o servi\u00e7o de limpeza adequado e tamb\u00e9m pela consci\u00eancia dos pr\u00f3prios moradores\u201d.<\/p>\n<p>Al\u00e9m de permitir a utiliza\u00e7\u00e3o da pra\u00e7a para a celebra\u00e7\u00e3o de domingo, a limpeza beneficiar\u00e1 os fi\u00e9is que v\u00e3o ao local toda semana, \u00e0s quartas-feiras, para rezarem o ter\u00e7o junto \u00e0 gruta de Nossa Senhora. A Pra\u00e7a Pedro Batista Martins fica na Rua Beliz\u00e1rio de Castro, no Bairro Graja\u00fa. A celebra\u00e7\u00e3o do Domingo de Ramos ser\u00e1 realizada \u00e0s 18h.<\/p>\n<p>Fonte: Assessoria<\/p>\n","protected":false},"excerpt":{"rendered":"<p>No pr\u00f3ximo s\u00e1bado, 24, a partir da 9h, os paroquianos da Par\u00f3quia Nossa Senhora do L\u00edbano, localizada no Bairro Graja\u00fa, promover\u00e3o um mutir\u00e3o de limpeza na pra\u00e7a central do bairro. O local \u00e9 utilizado pelos moradores para momentos de lazer e tamb\u00e9m de ora\u00e7\u00e3o. Segundo o administrador paroquial, Padre Welington Nascimento de Souza, no domingo, [&hellip;]<\/p>\n","protected":false},"author":96,"featured_media":94376,"comment_status":"closed","ping_status":"closed","sticky":false,"template":"","format":"standard","meta":{"footnotes":""},"categories":[253],"tags":[],"class_list":["post-94377","post","type-post","status-publish","format-standard","has-post-thumbnail","hentry","category-cidade"],"_links":{"self":[{"href":"https:\/\/diarioregionaldigital.com.br\/index.php?rest_route=\/wp\/v2\/posts\/94377","targetHints":{"allow":["GET"]}}],"collection":[{"href":"https:\/\/diarioregionaldigital.com.br\/index.php?rest_route=\/wp\/v2\/posts"}],"about":[{"href":"https:\/\/diarioregionaldigital.com.br\/index.php?rest_route=\/wp\/v2\/types\/post"}],"author":[{"embeddable":true,"href":"https:\/\/diarioregionaldigital.com.br\/index.php?rest_route=\/wp\/v2\/users\/96"}],"replies":[{"embeddable":true,"href":"https:\/\/diarioregionaldigital.com.br\/index.php?rest_route=%2Fwp%2Fv2%2Fcomments&post=94377"}],"version-history":[{"count":0,"href":"https:\/\/diarioregionaldigital.com.br\/index.php?rest_route=\/wp\/v2\/posts\/94377\/revisions"}],"wp:featuredmedia":[{"embeddable":true,"href":"https:\/\/diarioregionaldigital.com.br\/index.php?rest_route=\/wp\/v2\/media\/94376"}],"wp:attachment":[{"href":"https:\/\/diarioregionaldigital.com.br\/index.php?rest_route=%2Fwp%2Fv2%2Fmedia&parent=94377"}],"wp:term":[{"taxonomy":"category","embeddable":true,"href":"https:\/\/diarioregionaldigital.com.br\/index.php?rest_route=%2Fwp%2Fv2%2Fcategories&post=94377"},{"taxonomy":"post_tag","embeddable":true,"href":"https:\/\/diarioregionaldigital.com.br\/index.php?rest_route=%2Fwp%2Fv2%2Ftags&post=94377"}],"curies":[{"name":"wp","href":"https:\/\/api.w.org\/{rel}","templated":true}]}}