{"id":94375,"date":"2018-03-22T14:06:25","date_gmt":"2018-03-22T17:06:25","guid":{"rendered":"http:\/\/diarioregionaljf.com.br\/2018\/03\/22\/dois-sao-assaltados-por-dupla-armada-no-alto-dos-passos\/"},"modified":"2018-03-22T14:06:25","modified_gmt":"2018-03-22T17:06:25","slug":"dois-sao-assaltados-por-dupla-armada-no-alto-dos-passos","status":"publish","type":"post","link":"https:\/\/diarioregionaldigital.com.br\/?p=94375","title":{"rendered":"Dois s\u00e3o assaltados por dupla armada no Alto dos Passos"},"content":{"rendered":"<p>Dois homens, de 22 e 43 anos, foram assaltados por dois indiv\u00edduos armados no bairro Alto dos Passos, zona Sul da cidade, no in\u00edcio da madrugada desta quinta-feira, 22.<\/p>\n<p>As v\u00edtimas relataram \u00e0 Pol\u00edcia Militar (PM) que transitavam pela Rua 21 de Abril quando foram surpreendidas pelos assaltantes, que estavam em uma moto. O carona retirou uma arma do bolso da blusa e ordenou que os dois entregassem os telefones celulares.<\/p>\n<p>Ap\u00f3s o roubo os assaltantes fugiram sentido \u00e0 Rua Bar\u00e3o de S\u00e3o Marcelino. Eles n\u00e3o foram localizados.<\/p>\n","protected":false},"excerpt":{"rendered":"<p>Dois homens, de 22 e 43 anos, foram assaltados por dois indiv\u00edduos armados no bairro Alto dos Passos, zona Sul da cidade, no in\u00edcio da madrugada desta quinta-feira, 22. As v\u00edtimas relataram \u00e0 Pol\u00edcia Militar (PM) que transitavam pela Rua 21 de Abril quando foram surpreendidas pelos assaltantes, que estavam em uma moto. O carona [&hellip;]<\/p>\n","protected":false},"author":96,"featured_media":94374,"comment_status":"closed","ping_status":"closed","sticky":false,"template":"","format":"standard","meta":{"footnotes":""},"categories":[301],"tags":[],"class_list":["post-94375","post","type-post","status-publish","format-standard","has-post-thumbnail","hentry","category-artigos-policiais"],"_links":{"self":[{"href":"https:\/\/diarioregionaldigital.com.br\/index.php?rest_route=\/wp\/v2\/posts\/94375","targetHints":{"allow":["GET"]}}],"collection":[{"href":"https:\/\/diarioregionaldigital.com.br\/index.php?rest_route=\/wp\/v2\/posts"}],"about":[{"href":"https:\/\/diarioregionaldigital.com.br\/index.php?rest_route=\/wp\/v2\/types\/post"}],"author":[{"embeddable":true,"href":"https:\/\/diarioregionaldigital.com.br\/index.php?rest_route=\/wp\/v2\/users\/96"}],"replies":[{"embeddable":true,"href":"https:\/\/diarioregionaldigital.com.br\/index.php?rest_route=%2Fwp%2Fv2%2Fcomments&post=94375"}],"version-history":[{"count":0,"href":"https:\/\/diarioregionaldigital.com.br\/index.php?rest_route=\/wp\/v2\/posts\/94375\/revisions"}],"wp:featuredmedia":[{"embeddable":true,"href":"https:\/\/diarioregionaldigital.com.br\/index.php?rest_route=\/wp\/v2\/media\/94374"}],"wp:attachment":[{"href":"https:\/\/diarioregionaldigital.com.br\/index.php?rest_route=%2Fwp%2Fv2%2Fmedia&parent=94375"}],"wp:term":[{"taxonomy":"category","embeddable":true,"href":"https:\/\/diarioregionaldigital.com.br\/index.php?rest_route=%2Fwp%2Fv2%2Fcategories&post=94375"},{"taxonomy":"post_tag","embeddable":true,"href":"https:\/\/diarioregionaldigital.com.br\/index.php?rest_route=%2Fwp%2Fv2%2Ftags&post=94375"}],"curies":[{"name":"wp","href":"https:\/\/api.w.org\/{rel}","templated":true}]}}