{"id":94373,"date":"2018-03-22T12:45:44","date_gmt":"2018-03-22T15:45:44","guid":{"rendered":"http:\/\/diarioregionaljf.com.br\/2018\/03\/22\/prefeitura-abre-inscricoes-para-contratacao-de-urologista\/"},"modified":"2018-03-22T12:45:44","modified_gmt":"2018-03-22T15:45:44","slug":"prefeitura-abre-inscricoes-para-contratacao-de-urologista","status":"publish","type":"post","link":"https:\/\/diarioregionaldigital.com.br\/?p=94373","title":{"rendered":"Prefeitura abre inscri\u00e7\u00f5es para contrata\u00e7\u00e3o de urologista"},"content":{"rendered":"<p>A Prefeitura de Juiz de Fora (PJF), atrav\u00e9s da Secretaria de Administra\u00e7\u00e3o e Recursos Humanos (SARH), abriu inscri\u00e7\u00f5es ao processo seletivo de contrata\u00e7\u00e3o tempor\u00e1ria de m\u00e9dico I, para atua\u00e7\u00e3o na urg\u00eancia e emerg\u00eancia, na \u00e1rea de urologia (<a href=\"https:\/\/www.pjf.mg.gov.br\/e_atos\/e_atos_vis.php?id=60059\" target=\"_blank\" rel=\"noopener noreferrer\">Edital n\u00ba 356-SARH<\/a>). Os interessados devem realizar suas inscri\u00e7\u00f5es exclusivamente pela internet, atrav\u00e9s do <a href=\"https:\/\/www.pjf.mg.gov.br\/secretarias\/sarh\/edital\/temporario\/356\/index.php\" target=\"_blank\" rel=\"noopener noreferrer\">site oficial da PJF<\/a>, das 8h \u00e0s 18h, at\u00e9 a pr\u00f3xima quarta, 28. Para participar, \u00e9 necess\u00e1rio curso superior em medicina e registro no Conselho Regional. A jornada e a remunera\u00e7\u00e3o podem variar conforme lota\u00e7\u00e3o de presta\u00e7\u00e3o da jornada de trabalho.<\/p>\n<p>Os t\u00edtulos para valida\u00e7\u00e3o das informa\u00e7\u00f5es prestadas na inscri\u00e7\u00e3o de cada edital dever\u00e3o ser entregues no pr\u00e9dio-sede da PJF, Avenida Brasil, n\u00ba 2.001, 8\u00ba andar, nos dias 2 ou 3 de abril, das 8h30 \u00e0s 11h30 ou das 14h30 \u00e0s 17h30. A documenta\u00e7\u00e3o, junto \u00e0 c\u00f3pia da carteira de identidade, dever\u00e1 ser entregue pessoalmente ou por terceiros, em envelope lacrado e devidamente identificado, com nome completo do candidato, cargo e n\u00famero de inscri\u00e7\u00e3o. Com o envelope, dever\u00e1 estar o comprovante de inscri\u00e7\u00e3o, que servir\u00e1 de recibo para o candidato.<\/p>\n<p>&nbsp;<\/p>\n<p>Fonte: Assessoria<\/p>\n","protected":false},"excerpt":{"rendered":"<p>A Prefeitura de Juiz de Fora (PJF), atrav\u00e9s da Secretaria de Administra\u00e7\u00e3o e Recursos Humanos (SARH), abriu inscri\u00e7\u00f5es ao processo seletivo de contrata\u00e7\u00e3o tempor\u00e1ria de m\u00e9dico I, para atua\u00e7\u00e3o na urg\u00eancia e emerg\u00eancia, na \u00e1rea de urologia (Edital n\u00ba 356-SARH). Os interessados devem realizar suas inscri\u00e7\u00f5es exclusivamente pela internet, atrav\u00e9s do site oficial da PJF, [&hellip;]<\/p>\n","protected":false},"author":96,"featured_media":94372,"comment_status":"closed","ping_status":"closed","sticky":false,"template":"","format":"standard","meta":{"footnotes":""},"categories":[280],"tags":[],"class_list":["post-94373","post","type-post","status-publish","format-standard","has-post-thumbnail","hentry","category-concurso"],"_links":{"self":[{"href":"https:\/\/diarioregionaldigital.com.br\/index.php?rest_route=\/wp\/v2\/posts\/94373","targetHints":{"allow":["GET"]}}],"collection":[{"href":"https:\/\/diarioregionaldigital.com.br\/index.php?rest_route=\/wp\/v2\/posts"}],"about":[{"href":"https:\/\/diarioregionaldigital.com.br\/index.php?rest_route=\/wp\/v2\/types\/post"}],"author":[{"embeddable":true,"href":"https:\/\/diarioregionaldigital.com.br\/index.php?rest_route=\/wp\/v2\/users\/96"}],"replies":[{"embeddable":true,"href":"https:\/\/diarioregionaldigital.com.br\/index.php?rest_route=%2Fwp%2Fv2%2Fcomments&post=94373"}],"version-history":[{"count":0,"href":"https:\/\/diarioregionaldigital.com.br\/index.php?rest_route=\/wp\/v2\/posts\/94373\/revisions"}],"wp:featuredmedia":[{"embeddable":true,"href":"https:\/\/diarioregionaldigital.com.br\/index.php?rest_route=\/wp\/v2\/media\/94372"}],"wp:attachment":[{"href":"https:\/\/diarioregionaldigital.com.br\/index.php?rest_route=%2Fwp%2Fv2%2Fmedia&parent=94373"}],"wp:term":[{"taxonomy":"category","embeddable":true,"href":"https:\/\/diarioregionaldigital.com.br\/index.php?rest_route=%2Fwp%2Fv2%2Fcategories&post=94373"},{"taxonomy":"post_tag","embeddable":true,"href":"https:\/\/diarioregionaldigital.com.br\/index.php?rest_route=%2Fwp%2Fv2%2Ftags&post=94373"}],"curies":[{"name":"wp","href":"https:\/\/api.w.org\/{rel}","templated":true}]}}