{"id":94371,"date":"2018-03-22T12:23:39","date_gmt":"2018-03-22T15:23:39","guid":{"rendered":"http:\/\/diarioregionaljf.com.br\/2018\/03\/22\/homem-armado-com-facao-assalta-relojoaria-no-centro\/"},"modified":"2018-03-22T12:23:39","modified_gmt":"2018-03-22T15:23:39","slug":"homem-armado-com-facao-assalta-relojoaria-no-centro","status":"publish","type":"post","link":"https:\/\/diarioregionaldigital.com.br\/?p=94371","title":{"rendered":"Homem armado com fac\u00e3o assalta relojoaria no Centro"},"content":{"rendered":"<p>Uma relojoaria, situada em uma galeria no centro de Juiz de Fora, foi assaltada por um homem armado com um fac\u00e3o na manh\u00e3 dessa quarta-feira, 21.<\/p>\n<p>De acordo com informa\u00e7\u00f5es da Pol\u00edcia Militar (PM), a dona do estabelecimento relatou que o assaltante entrou na loja de posse da arma, anunciou o assalto e quebrou o vidro da vitrine. Ele roubou quatro cord\u00f5es grossos e quatro medalhas grandes, todos semijoias.<\/p>\n<p>Ainda conforme o relato, um comparsa aguardava pelo autor na porta da loja. A v\u00edtima n\u00e3o soube repassar informa\u00e7\u00f5es sobre o mesmo.<\/p>\n<p>Os autores fugiram em dire\u00e7\u00e3o \u00e0 Rua Marechal Deodoro.<\/p>\n","protected":false},"excerpt":{"rendered":"<p>Uma relojoaria, situada em uma galeria no centro de Juiz de Fora, foi assaltada por um homem armado com um fac\u00e3o na manh\u00e3 dessa quarta-feira, 21. De acordo com informa\u00e7\u00f5es da Pol\u00edcia Militar (PM), a dona do estabelecimento relatou que o assaltante entrou na loja de posse da arma, anunciou o assalto e quebrou o [&hellip;]<\/p>\n","protected":false},"author":96,"featured_media":94370,"comment_status":"closed","ping_status":"closed","sticky":false,"template":"","format":"standard","meta":{"footnotes":""},"categories":[301],"tags":[],"class_list":["post-94371","post","type-post","status-publish","format-standard","has-post-thumbnail","hentry","category-artigos-policiais"],"_links":{"self":[{"href":"https:\/\/diarioregionaldigital.com.br\/index.php?rest_route=\/wp\/v2\/posts\/94371","targetHints":{"allow":["GET"]}}],"collection":[{"href":"https:\/\/diarioregionaldigital.com.br\/index.php?rest_route=\/wp\/v2\/posts"}],"about":[{"href":"https:\/\/diarioregionaldigital.com.br\/index.php?rest_route=\/wp\/v2\/types\/post"}],"author":[{"embeddable":true,"href":"https:\/\/diarioregionaldigital.com.br\/index.php?rest_route=\/wp\/v2\/users\/96"}],"replies":[{"embeddable":true,"href":"https:\/\/diarioregionaldigital.com.br\/index.php?rest_route=%2Fwp%2Fv2%2Fcomments&post=94371"}],"version-history":[{"count":0,"href":"https:\/\/diarioregionaldigital.com.br\/index.php?rest_route=\/wp\/v2\/posts\/94371\/revisions"}],"wp:featuredmedia":[{"embeddable":true,"href":"https:\/\/diarioregionaldigital.com.br\/index.php?rest_route=\/wp\/v2\/media\/94370"}],"wp:attachment":[{"href":"https:\/\/diarioregionaldigital.com.br\/index.php?rest_route=%2Fwp%2Fv2%2Fmedia&parent=94371"}],"wp:term":[{"taxonomy":"category","embeddable":true,"href":"https:\/\/diarioregionaldigital.com.br\/index.php?rest_route=%2Fwp%2Fv2%2Fcategories&post=94371"},{"taxonomy":"post_tag","embeddable":true,"href":"https:\/\/diarioregionaldigital.com.br\/index.php?rest_route=%2Fwp%2Fv2%2Ftags&post=94371"}],"curies":[{"name":"wp","href":"https:\/\/api.w.org\/{rel}","templated":true}]}}