{"id":94369,"date":"2018-03-22T12:05:55","date_gmt":"2018-03-22T15:05:55","guid":{"rendered":"http:\/\/diarioregionaljf.com.br\/2018\/03\/22\/mulher-morre-atropelada-por-onibus-de-turismo-no-poco-rico\/"},"modified":"2018-03-22T12:05:55","modified_gmt":"2018-03-22T15:05:55","slug":"mulher-morre-atropelada-por-onibus-de-turismo-no-poco-rico","status":"publish","type":"post","link":"https:\/\/diarioregionaldigital.com.br\/?p=94369","title":{"rendered":"Mulher morre atropelada por \u00f4nibus de turismo no Po\u00e7o Rico"},"content":{"rendered":"<p>Uma mulher de 58 anos morreu atropelada pelo \u00f4nibus de uma empresa de turismo no bairro Po\u00e7o Rico, zona Sudeste da cidade, na manh\u00e3 dessa quarta-feira, 21. Conforme o registro da ocorr\u00eancia, logo ap\u00f3s o acidente o motorista do ve\u00edculo acionou a Pol\u00edcia Militar (PM) e o Servi\u00e7o de Atendimento M\u00f3vel de Urg\u00eancia (SAMU), cuja equipe constatou o \u00f3bito.<\/p>\n<p>O condutor relatou \u00e0 PM que seguia pela rua Pinto de Moura e, no cruzamento com a Rua da Bahia, ap\u00f3s efetuar uma meia parada com o \u00f4nibus, virou \u00e0 esquerda, momento no qual veio a atingir a pedestre, que atravessava a rua. Ainda segundo o motorista, a mulher foi derrubada no ch\u00e3o e s\u00f3 ap\u00f3s pisar no freio ele percebeu que havia passado por cima da v\u00edtima.<\/p>\n<p>Uma testemunha confirmou o relato do condutor, que foi submetido ao teste do etil\u00f4metro, apresentando resultado negativo para a ingest\u00e3o de bebida alco\u00f3lica.<\/p>\n<p>A per\u00edcia compareceu \u00e0 Rua da Bahia para realizar alguns levantamentos, como checagem do tac\u00f3grafo, condi\u00e7\u00f5es do ve\u00edculo e do local do acidente. Ap\u00f3s os trabalhos, o \u00f4nibus e o local foram liberados.<\/p>\n<p>Os filhos da v\u00edtima tamb\u00e9m foram ao local, onde reconheceram e forneceram os dados pessoais da mesma. Os pertences da mulher foram restitu\u00eddos \u00e0 eles. Uma funer\u00e1ria realizou a remo\u00e7\u00e3o do corpo.<\/p>\n<p>O motorista do \u00f4nibus foi conduzido para a delegacia para as provid\u00eancias cab\u00edveis.<\/p>\n","protected":false},"excerpt":{"rendered":"<p>Uma mulher de 58 anos morreu atropelada pelo \u00f4nibus de uma empresa de turismo no bairro Po\u00e7o Rico, zona Sudeste da cidade, na manh\u00e3 dessa quarta-feira, 21. Conforme o registro da ocorr\u00eancia, logo ap\u00f3s o acidente o motorista do ve\u00edculo acionou a Pol\u00edcia Militar (PM) e o Servi\u00e7o de Atendimento M\u00f3vel de Urg\u00eancia (SAMU), cuja [&hellip;]<\/p>\n","protected":false},"author":96,"featured_media":94368,"comment_status":"closed","ping_status":"closed","sticky":false,"template":"","format":"standard","meta":{"footnotes":""},"categories":[301],"tags":[],"class_list":["post-94369","post","type-post","status-publish","format-standard","has-post-thumbnail","hentry","category-artigos-policiais"],"_links":{"self":[{"href":"https:\/\/diarioregionaldigital.com.br\/index.php?rest_route=\/wp\/v2\/posts\/94369","targetHints":{"allow":["GET"]}}],"collection":[{"href":"https:\/\/diarioregionaldigital.com.br\/index.php?rest_route=\/wp\/v2\/posts"}],"about":[{"href":"https:\/\/diarioregionaldigital.com.br\/index.php?rest_route=\/wp\/v2\/types\/post"}],"author":[{"embeddable":true,"href":"https:\/\/diarioregionaldigital.com.br\/index.php?rest_route=\/wp\/v2\/users\/96"}],"replies":[{"embeddable":true,"href":"https:\/\/diarioregionaldigital.com.br\/index.php?rest_route=%2Fwp%2Fv2%2Fcomments&post=94369"}],"version-history":[{"count":0,"href":"https:\/\/diarioregionaldigital.com.br\/index.php?rest_route=\/wp\/v2\/posts\/94369\/revisions"}],"wp:featuredmedia":[{"embeddable":true,"href":"https:\/\/diarioregionaldigital.com.br\/index.php?rest_route=\/wp\/v2\/media\/94368"}],"wp:attachment":[{"href":"https:\/\/diarioregionaldigital.com.br\/index.php?rest_route=%2Fwp%2Fv2%2Fmedia&parent=94369"}],"wp:term":[{"taxonomy":"category","embeddable":true,"href":"https:\/\/diarioregionaldigital.com.br\/index.php?rest_route=%2Fwp%2Fv2%2Fcategories&post=94369"},{"taxonomy":"post_tag","embeddable":true,"href":"https:\/\/diarioregionaldigital.com.br\/index.php?rest_route=%2Fwp%2Fv2%2Ftags&post=94369"}],"curies":[{"name":"wp","href":"https:\/\/api.w.org\/{rel}","templated":true}]}}