{"id":94367,"date":"2018-03-22T11:34:10","date_gmt":"2018-03-22T14:34:10","guid":{"rendered":"http:\/\/diarioregionaljf.com.br\/2018\/03\/22\/zuckerberg-diz-que-vai-ajudar-a-esclarecer-vazamento-de-informacoes-do-facebook\/"},"modified":"2018-03-22T11:34:10","modified_gmt":"2018-03-22T14:34:10","slug":"zuckerberg-diz-que-vai-ajudar-a-esclarecer-vazamento-de-informacoes-do-facebook","status":"publish","type":"post","link":"https:\/\/diarioregionaldigital.com.br\/?p=94367","title":{"rendered":"Zuckerberg diz que vai ajudar a esclarecer vazamento de informa\u00e7\u00f5es do Facebook"},"content":{"rendered":"<p>O fundador e CEO do Facebook, Mark Zuckerberg, afirmou que a empresa &#8220;cometeu erros&#8221; que levaram milh\u00f5es de usu\u00e1rios da rede a ter seus dados explorados pela consultoria pol\u00edtica, Cambridge Analytica. Ele tamb\u00e9m garantiu estar disposto \u00e0 colaborar como for preciso e evitar que dados sejam novamente explorados indevidamente para influenciar campanhas eleitorais na \u00cdndia e no Brasil.<\/p>\n<p>&#8220;N\u00f3s temos a responsabilidade de proteger seus dados [dos usu\u00e1rios], se n\u00e3o pudermos, n\u00e3o merecemos atend\u00ea-los&#8221;, declarou.<\/p>\n<p>A consultoria \u00e9 acusada de ter usado dados de cerca de 50 milh\u00f5es de usu\u00e1rios do facebook e ter influenciado elei\u00e7\u00f5es de maneira indevida. A companhia obteve as informa\u00e7\u00f5es em 2014 e utilizou os dados para desenvolver uma aplica\u00e7\u00e3o que &#8220;previa e influenciava decis\u00f5es dos eleitores&#8221;, segundo reportagens publicadas pelo jornal The New York Times e pelo Canal brit\u00e2nico 4. Segundo as reportagens, a consultoria tamb\u00e9m poderia agir em elei\u00e7\u00f5es na \u00cdndia e este ano no Brasil.<\/p>\n<p>Em entrevista exclusiva, na noite dessa quarta-feira (21), \u00e0 rede de tv norte-americana CNN, Zuckerberg afirmou estar disposto at\u00e9 mesmo a ir ao Congresso brasileiro se for chamado para testemunhar e ajudar.<\/p>\n<p>Ele admitiu ter ocorrido o que chamou de &#8220;quebra de confian\u00e7a&#8221;. Mais cedo, j\u00e1 havia publicado um pedido de desculpas em sua p\u00e1gina oficial na rede social. Durante a entrevista \u00e0 rede CNN, Zuckerberg afirmou estar profundamente triste e reafirmou que vai adotar as a\u00e7\u00f5es necess\u00e1rias para proteger os dados de usu\u00e1rios e &#8220;dificultar&#8221; a coleta de dados de informa\u00e7\u00f5es por &#8220;aplicativos desonestos&#8221;.<\/p>\n<p>Ele disse que a empresa se compromete a investigar aplicativos que tiveram acesso a grandes quantidades de dados antes de 2014 &#8211; quando a rede social reduziu bastante o acesso de dados.<\/p>\n<p>Al\u00e9m disso, informou que vai ser feita uma auditoria forense em aplicativos suspeitos. Aqueles que n\u00e3o concordarem com essa verifica\u00e7\u00e3o poder\u00e3o ser banidos. Medidas para proteger contas inativas tamb\u00e9m dever\u00e3o ser adotadas.<\/p>\n<p>Zuckerberg afirmou ainda que a empresa vai aprender com a experi\u00eancia para proteger ainda mais sua plataforma e tornar a comunidade mais segura para todos daqui pra frente.<\/p>\n<p>O facebook investiga o vazamento dos dados que supostamente teriam sido usados pela empresa de consultoria brit\u00e2nica Cambridge Analytica, contratada pela campanha presidencial de Donald Trump em 2016.<\/p>\n<p>Sobre a parceria com a Cambridge Analytica, Zuckerberg disse ter &#8220;se arrependido&#8221; de confiar na empresa, em 2015. Segundo ele, naquela \u00e9poca, o facebook recebeu uma certifica\u00e7\u00e3o da empresa de que teria apagado os dados dos usu\u00e1rios que havia inicialmente adquirido de maneira indevida.<\/p>\n<p>Em outras redes sociais, como o Twitter, v\u00e1rios usu\u00e1rios participaram de uma campanha contra o facebook, com a hashtag &#8220;deletefacebook&#8221; (apague o Facebook), em uma cr\u00edtica \u00e0 seguran\u00e7a da informa\u00e7\u00e3o na plataforma.<\/p>\n<p>Nos Estados Unidos, as especula\u00e7\u00f5es e suspeitas sobre uma interfer\u00eancia russa nas elei\u00e7\u00f5es presidenciais de 2016, para um suposto favorecimento do presidente Donald Trump durante a disputa, \u00e9 investigada pelo FBI. Agora se discute como redes sociais, entre elas o facebook, podem ter sido usadas na veicula\u00e7\u00e3o de not\u00edcias falsas no jogo pol\u00edtico internacional e nacional.<\/p>\n<p>Fonte: Ag\u00eancia Brasil<\/p>\n","protected":false},"excerpt":{"rendered":"<p>O fundador e CEO do Facebook, Mark Zuckerberg, afirmou que a empresa &#8220;cometeu erros&#8221; que levaram milh\u00f5es de usu\u00e1rios da rede a ter seus dados explorados pela consultoria pol\u00edtica, Cambridge Analytica. Ele tamb\u00e9m garantiu estar disposto \u00e0 colaborar como for preciso e evitar que dados sejam novamente explorados indevidamente para influenciar campanhas eleitorais na \u00cdndia [&hellip;]<\/p>\n","protected":false},"author":96,"featured_media":94366,"comment_status":"closed","ping_status":"closed","sticky":false,"template":"","format":"standard","meta":{"footnotes":""},"categories":[302],"tags":[],"class_list":["post-94367","post","type-post","status-publish","format-standard","has-post-thumbnail","hentry","category-brasil-mundo"],"_links":{"self":[{"href":"https:\/\/diarioregionaldigital.com.br\/index.php?rest_route=\/wp\/v2\/posts\/94367","targetHints":{"allow":["GET"]}}],"collection":[{"href":"https:\/\/diarioregionaldigital.com.br\/index.php?rest_route=\/wp\/v2\/posts"}],"about":[{"href":"https:\/\/diarioregionaldigital.com.br\/index.php?rest_route=\/wp\/v2\/types\/post"}],"author":[{"embeddable":true,"href":"https:\/\/diarioregionaldigital.com.br\/index.php?rest_route=\/wp\/v2\/users\/96"}],"replies":[{"embeddable":true,"href":"https:\/\/diarioregionaldigital.com.br\/index.php?rest_route=%2Fwp%2Fv2%2Fcomments&post=94367"}],"version-history":[{"count":0,"href":"https:\/\/diarioregionaldigital.com.br\/index.php?rest_route=\/wp\/v2\/posts\/94367\/revisions"}],"wp:featuredmedia":[{"embeddable":true,"href":"https:\/\/diarioregionaldigital.com.br\/index.php?rest_route=\/wp\/v2\/media\/94366"}],"wp:attachment":[{"href":"https:\/\/diarioregionaldigital.com.br\/index.php?rest_route=%2Fwp%2Fv2%2Fmedia&parent=94367"}],"wp:term":[{"taxonomy":"category","embeddable":true,"href":"https:\/\/diarioregionaldigital.com.br\/index.php?rest_route=%2Fwp%2Fv2%2Fcategories&post=94367"},{"taxonomy":"post_tag","embeddable":true,"href":"https:\/\/diarioregionaldigital.com.br\/index.php?rest_route=%2Fwp%2Fv2%2Ftags&post=94367"}],"curies":[{"name":"wp","href":"https:\/\/api.w.org\/{rel}","templated":true}]}}