{"id":94365,"date":"2018-03-22T11:32:04","date_gmt":"2018-03-22T14:32:04","guid":{"rendered":"http:\/\/diarioregionaljf.com.br\/2018\/03\/22\/papa-francisco-telefona-e-conversa-com-mae-de-marielle-franco\/"},"modified":"2018-03-22T11:32:04","modified_gmt":"2018-03-22T14:32:04","slug":"papa-francisco-telefona-e-conversa-com-mae-de-marielle-franco","status":"publish","type":"post","link":"https:\/\/diarioregionaldigital.com.br\/?p=94365","title":{"rendered":"Papa Francisco telefona e conversa com m\u00e3e de Marielle Franco"},"content":{"rendered":"<p>O papa Francisco telefonou para a m\u00e3e da vereadora assassinada Marielle Franco, segundo afirmou no Twitter a Fundaci\u00f3n Alameda, liderada pelo amigo pessoal do pont\u00edfice Gustavo Vera.<\/p>\n<p>A Funda\u00e7\u00e3o detalhou que em um primeiro momento a filha de Marielle escreveu uma &#8220;afetuosa carta&#8221; a Francisco, que chegou ao pont\u00edfice atrav\u00e9s do argentino Gustavo Vera, amigo do papa desde que este era arcebispo de Buenos Aires.<\/p>\n<p>Posteriormente, o papa tentou entrar em contato com Luyara Santos, filha de Marielle, mas finalmente falou com a m\u00e3e da vereadora atrav\u00e9s de uma liga\u00e7\u00e3o telef\u00f4nica.<\/p>\n<p>A vereadora Marielle Franco foi morta com quatro tiros na cabe\u00e7a, no dia 14 de mar\u00e7o, quando ia para sua casa no bairro da Tijuca, zona norte do Rio, retornando de um evento ligado ao movimento negro, na Lapa. A parlamentar viajava no banco de tr\u00e1s do carro, quando criminosos emparelharam um ve\u00edculo com o carro da v\u00edtima e dispararam nove vezes. O motorista do ve\u00edculo, Anderson Gomes, tamb\u00e9m morreu. Uma assessora que estava no carro sobreviveu.<\/p>\n<p>Marielle Franco era carioca do Complexo da Mar\u00e9, negra, feminista, m\u00e3e aos 19 anos. Soci\u00f3loga pela PUC\/RJ e mestre em Administra\u00e7\u00e3o P\u00fablica pela Universidade Federal Fluminense (UFF). Autora da disserta\u00e7\u00e3o \u201cUPP \u2013 A redu\u00e7\u00e3o da favela a tr\u00eas letras\u201d. Marielle foi defensora de direitos humanos por 20 anos.<\/p>\n<p>Fonte: Ag\u00eancia Brasil<\/p>\n","protected":false},"excerpt":{"rendered":"<p>O papa Francisco telefonou para a m\u00e3e da vereadora assassinada Marielle Franco, segundo afirmou no Twitter a Fundaci\u00f3n Alameda, liderada pelo amigo pessoal do pont\u00edfice Gustavo Vera. A Funda\u00e7\u00e3o detalhou que em um primeiro momento a filha de Marielle escreveu uma &#8220;afetuosa carta&#8221; a Francisco, que chegou ao pont\u00edfice atrav\u00e9s do argentino Gustavo Vera, amigo [&hellip;]<\/p>\n","protected":false},"author":96,"featured_media":94364,"comment_status":"closed","ping_status":"closed","sticky":false,"template":"","format":"standard","meta":{"footnotes":""},"categories":[302],"tags":[],"class_list":["post-94365","post","type-post","status-publish","format-standard","has-post-thumbnail","hentry","category-brasil-mundo"],"_links":{"self":[{"href":"https:\/\/diarioregionaldigital.com.br\/index.php?rest_route=\/wp\/v2\/posts\/94365","targetHints":{"allow":["GET"]}}],"collection":[{"href":"https:\/\/diarioregionaldigital.com.br\/index.php?rest_route=\/wp\/v2\/posts"}],"about":[{"href":"https:\/\/diarioregionaldigital.com.br\/index.php?rest_route=\/wp\/v2\/types\/post"}],"author":[{"embeddable":true,"href":"https:\/\/diarioregionaldigital.com.br\/index.php?rest_route=\/wp\/v2\/users\/96"}],"replies":[{"embeddable":true,"href":"https:\/\/diarioregionaldigital.com.br\/index.php?rest_route=%2Fwp%2Fv2%2Fcomments&post=94365"}],"version-history":[{"count":0,"href":"https:\/\/diarioregionaldigital.com.br\/index.php?rest_route=\/wp\/v2\/posts\/94365\/revisions"}],"wp:featuredmedia":[{"embeddable":true,"href":"https:\/\/diarioregionaldigital.com.br\/index.php?rest_route=\/wp\/v2\/media\/94364"}],"wp:attachment":[{"href":"https:\/\/diarioregionaldigital.com.br\/index.php?rest_route=%2Fwp%2Fv2%2Fmedia&parent=94365"}],"wp:term":[{"taxonomy":"category","embeddable":true,"href":"https:\/\/diarioregionaldigital.com.br\/index.php?rest_route=%2Fwp%2Fv2%2Fcategories&post=94365"},{"taxonomy":"post_tag","embeddable":true,"href":"https:\/\/diarioregionaldigital.com.br\/index.php?rest_route=%2Fwp%2Fv2%2Ftags&post=94365"}],"curies":[{"name":"wp","href":"https:\/\/api.w.org\/{rel}","templated":true}]}}