{"id":94363,"date":"2018-03-22T11:29:48","date_gmt":"2018-03-22T14:29:48","guid":{"rendered":"http:\/\/diarioregionaljf.com.br\/2018\/03\/22\/eua-negociam-isencoes-de-tarifas-sobre-o-aco-com-brasil-ue-e-argentina\/"},"modified":"2018-03-22T11:29:48","modified_gmt":"2018-03-22T14:29:48","slug":"eua-negociam-isencoes-de-tarifas-sobre-o-aco-com-brasil-ue-e-argentina","status":"publish","type":"post","link":"https:\/\/diarioregionaldigital.com.br\/?p=94363","title":{"rendered":"EUA negociam isen\u00e7\u00f5es de tarifas sobre o a\u00e7o com Brasil, UE e Argentina"},"content":{"rendered":"<p>O respons\u00e1vel pelo Com\u00e9rcio Exterior dos Estados Unidos, Robert Lighthizer, afirmou nessa quarta-feira, 21, que seu pa\u00eds est\u00e1 negociando com o Brasil, a Uni\u00e3o Europeia, a Argentina e a Austr\u00e1lia uma poss\u00edvel concess\u00e3o de isen\u00e7\u00f5es \u00e0s tarifas sobre as importa\u00e7\u00f5es de a\u00e7o e alum\u00ednio, que entrar\u00e3o em vigor daqui dois dias. A informa\u00e7\u00e3o \u00e9 da EFE.<\/p>\n<p>&#8220;Estamos em processo de conversas agora com a Austr\u00e1lia, Argentina e UE, mas um grande n\u00famero de pa\u00edses perguntou sobre isso. Outro pa\u00eds com o qual conversaremos em breve sobre isso \u00e9 o Brasil&#8221;, disse Lighthizer, durante uma audi\u00eancia na C\u00e2mara de Representantes.<\/p>\n<p>O presidente americano, Donald Trump, assinou no in\u00edcio de mar\u00e7o a imposi\u00e7\u00e3o das tarifas sobre as importa\u00e7\u00f5es de a\u00e7o e alum\u00ednio dos EUA. Por enquanto, M\u00e9xico e Canad\u00e1 est\u00e3o isentos por serem parceiros do pa\u00eds no Tratado de Livre Com\u00e9rcio da Am\u00e9rica do Norte (Nafta), que est\u00e1 sendo renegociado.<\/p>\n<p>Apesar de o pr\u00f3prio Trump j\u00e1 ter sugerido que a Austr\u00e1lia recebesse isen\u00e7\u00e3o, as declara\u00e7\u00f5es de Lighthizer s\u00e3o as primeiras de um membro do governo que confirmam negocia\u00e7\u00f5es para ampliar a lista de isen\u00e7\u00f5es. Dessa forma, segundo o respons\u00e1vel pelo Com\u00e9rcio Exterior dos EUA, Argentina, Austr\u00e1lia, UE e Brasil podem receber o benef\u00edcio. &#8220;Nossa esperan\u00e7a \u00e9 resolver isso at\u00e9 abril&#8221;, disse Lighthizer.<\/p>\n<p>Por outro lado, ele afirmou que o caso da Coreia do Sul \u00e9 um &#8220;problema particular&#8221; na quest\u00e3o do a\u00e7o. No entanto, n\u00e3o quis esclarecer se o pa\u00eds receber\u00e1 isen\u00e7\u00e3o.<\/p>\n<p>Fonte: Ag\u00eancia Brasil<\/p>\n","protected":false},"excerpt":{"rendered":"<p>O respons\u00e1vel pelo Com\u00e9rcio Exterior dos Estados Unidos, Robert Lighthizer, afirmou nessa quarta-feira, 21, que seu pa\u00eds est\u00e1 negociando com o Brasil, a Uni\u00e3o Europeia, a Argentina e a Austr\u00e1lia uma poss\u00edvel concess\u00e3o de isen\u00e7\u00f5es \u00e0s tarifas sobre as importa\u00e7\u00f5es de a\u00e7o e alum\u00ednio, que entrar\u00e3o em vigor daqui dois dias. A informa\u00e7\u00e3o \u00e9 da [&hellip;]<\/p>\n","protected":false},"author":96,"featured_media":94362,"comment_status":"closed","ping_status":"closed","sticky":false,"template":"","format":"standard","meta":{"footnotes":""},"categories":[302],"tags":[],"class_list":["post-94363","post","type-post","status-publish","format-standard","has-post-thumbnail","hentry","category-brasil-mundo"],"_links":{"self":[{"href":"https:\/\/diarioregionaldigital.com.br\/index.php?rest_route=\/wp\/v2\/posts\/94363","targetHints":{"allow":["GET"]}}],"collection":[{"href":"https:\/\/diarioregionaldigital.com.br\/index.php?rest_route=\/wp\/v2\/posts"}],"about":[{"href":"https:\/\/diarioregionaldigital.com.br\/index.php?rest_route=\/wp\/v2\/types\/post"}],"author":[{"embeddable":true,"href":"https:\/\/diarioregionaldigital.com.br\/index.php?rest_route=\/wp\/v2\/users\/96"}],"replies":[{"embeddable":true,"href":"https:\/\/diarioregionaldigital.com.br\/index.php?rest_route=%2Fwp%2Fv2%2Fcomments&post=94363"}],"version-history":[{"count":0,"href":"https:\/\/diarioregionaldigital.com.br\/index.php?rest_route=\/wp\/v2\/posts\/94363\/revisions"}],"wp:featuredmedia":[{"embeddable":true,"href":"https:\/\/diarioregionaldigital.com.br\/index.php?rest_route=\/wp\/v2\/media\/94362"}],"wp:attachment":[{"href":"https:\/\/diarioregionaldigital.com.br\/index.php?rest_route=%2Fwp%2Fv2%2Fmedia&parent=94363"}],"wp:term":[{"taxonomy":"category","embeddable":true,"href":"https:\/\/diarioregionaldigital.com.br\/index.php?rest_route=%2Fwp%2Fv2%2Fcategories&post=94363"},{"taxonomy":"post_tag","embeddable":true,"href":"https:\/\/diarioregionaldigital.com.br\/index.php?rest_route=%2Fwp%2Fv2%2Ftags&post=94363"}],"curies":[{"name":"wp","href":"https:\/\/api.w.org\/{rel}","templated":true}]}}