{"id":94361,"date":"2018-03-22T11:28:58","date_gmt":"2018-03-22T14:28:58","guid":{"rendered":"http:\/\/diarioregionaljf.com.br\/2018\/03\/22\/dupla-e-presa-apos-assaltar-taxista-no-bairro-vila-olavo-costa\/"},"modified":"2018-03-22T11:28:58","modified_gmt":"2018-03-22T14:28:58","slug":"dupla-e-presa-apos-assaltar-taxista-no-bairro-vila-olavo-costa","status":"publish","type":"post","link":"https:\/\/diarioregionaldigital.com.br\/?p=94361","title":{"rendered":"Dupla \u00e9 presa ap\u00f3s assaltar taxista no bairro Vila Olavo Costa"},"content":{"rendered":"<p>Dois jovens, de 18 e 20 anos, foram presos ap\u00f3s assaltarem um taxista no bairro Vila Olavo Costa, zona Sudeste de Juiz de Fora, na noite dessa quarta-feira, 21.<\/p>\n<p>Conforme informa\u00e7\u00f5es da Pol\u00edcia Militar (PM), o taxista relatou que transportava um passageiro e, ao chegar no bairro, foi abordado por dois autores. Um dos assaltantes estava armado com uma pistola e roubou cerca de R$80 e um telefone. Ap\u00f3s a a\u00e7\u00e3o, a dupla fugiu em dire\u00e7\u00e3o \u00e0 Rua da Antena.<\/p>\n<p>Um dos jovens foi reconhecido pela testemunha que era transportada no t\u00e1xi, uma vez que \u00e9 morador da mesma rua onde ocorreu o roubo.<\/p>\n<p>Os militares realizaram rastreamento e, no in\u00edcio da madrugada desta quinta-feira, 22, localizaram os autores. Na casa de um deles foi apreendido um simulacro de pistola. Os jovens foram presos em flagrante.<\/p>\n","protected":false},"excerpt":{"rendered":"<p>Dois jovens, de 18 e 20 anos, foram presos ap\u00f3s assaltarem um taxista no bairro Vila Olavo Costa, zona Sudeste de Juiz de Fora, na noite dessa quarta-feira, 21. Conforme informa\u00e7\u00f5es da Pol\u00edcia Militar (PM), o taxista relatou que transportava um passageiro e, ao chegar no bairro, foi abordado por dois autores. Um dos assaltantes [&hellip;]<\/p>\n","protected":false},"author":96,"featured_media":94360,"comment_status":"closed","ping_status":"closed","sticky":false,"template":"","format":"standard","meta":{"footnotes":""},"categories":[301],"tags":[],"class_list":["post-94361","post","type-post","status-publish","format-standard","has-post-thumbnail","hentry","category-artigos-policiais"],"_links":{"self":[{"href":"https:\/\/diarioregionaldigital.com.br\/index.php?rest_route=\/wp\/v2\/posts\/94361","targetHints":{"allow":["GET"]}}],"collection":[{"href":"https:\/\/diarioregionaldigital.com.br\/index.php?rest_route=\/wp\/v2\/posts"}],"about":[{"href":"https:\/\/diarioregionaldigital.com.br\/index.php?rest_route=\/wp\/v2\/types\/post"}],"author":[{"embeddable":true,"href":"https:\/\/diarioregionaldigital.com.br\/index.php?rest_route=\/wp\/v2\/users\/96"}],"replies":[{"embeddable":true,"href":"https:\/\/diarioregionaldigital.com.br\/index.php?rest_route=%2Fwp%2Fv2%2Fcomments&post=94361"}],"version-history":[{"count":0,"href":"https:\/\/diarioregionaldigital.com.br\/index.php?rest_route=\/wp\/v2\/posts\/94361\/revisions"}],"wp:featuredmedia":[{"embeddable":true,"href":"https:\/\/diarioregionaldigital.com.br\/index.php?rest_route=\/wp\/v2\/media\/94360"}],"wp:attachment":[{"href":"https:\/\/diarioregionaldigital.com.br\/index.php?rest_route=%2Fwp%2Fv2%2Fmedia&parent=94361"}],"wp:term":[{"taxonomy":"category","embeddable":true,"href":"https:\/\/diarioregionaldigital.com.br\/index.php?rest_route=%2Fwp%2Fv2%2Fcategories&post=94361"},{"taxonomy":"post_tag","embeddable":true,"href":"https:\/\/diarioregionaldigital.com.br\/index.php?rest_route=%2Fwp%2Fv2%2Ftags&post=94361"}],"curies":[{"name":"wp","href":"https:\/\/api.w.org\/{rel}","templated":true}]}}