{"id":94359,"date":"2018-03-22T11:24:36","date_gmt":"2018-03-22T14:24:36","guid":{"rendered":"http:\/\/diarioregionaljf.com.br\/2018\/03\/22\/plenario-da-camara-aprova-regime-de-urgencia-para-projeto-de-reoneracao-da-folha\/"},"modified":"2018-03-22T11:24:36","modified_gmt":"2018-03-22T14:24:36","slug":"plenario-da-camara-aprova-regime-de-urgencia-para-projeto-de-reoneracao-da-folha","status":"publish","type":"post","link":"https:\/\/diarioregionaldigital.com.br\/?p=94359","title":{"rendered":"Plen\u00e1rio da C\u00e2mara aprova regime de urg\u00eancia para projeto de reonera\u00e7\u00e3o da folha"},"content":{"rendered":"<p>O plen\u00e1rio da C\u00e2mara dos Deputados aprovou nessa quarta-feira, 21, tramita\u00e7\u00e3o em regime de urg\u00eancia para o Projeto de Lei 8.456\/17, que acaba com a desonera\u00e7\u00e3o da folha de pagamento para a maioria dos setores hoje beneficiados. O requerimento foi aprovado por 342 votos a 46.<\/p>\n<p>Segundo o projeto, voltam a contribuir sobre a folha as empresas dos ramos de tecnologia da informa\u00e7\u00e3o, teleatendimento (call center), hoteleiro, com\u00e9rcio varejista e alguns segmentos industriais, como de vestu\u00e1rio, cal\u00e7ados e autom\u00f3veis. Se a proposta for aprovada, as empresas voltar\u00e3o a contribuir pela folha de pagamento, com al\u00edquota de 20%, ap\u00f3s 90 dias da publica\u00e7\u00e3o da futura lei.<\/p>\n<p>Ontem (20), o relator do projeto, deputado Orlando Silva (PCdoB-SP), informou que apresentar\u00e1 um substitutivo mantendo a reonera\u00e7\u00e3o de cerca de 20 setores, enquanto a proposta original previa reduzir a isen\u00e7\u00e3o fiscal para quase todos os 56 setores atualmente beneficiados.<\/p>\n<p>O projeto \u00e9 uma das prioridades elencadas pela presidente Michel Temer para equilibrar as contas p\u00fablicas, com o adiamento da vota\u00e7\u00e3o da reforma da Previd\u00eancia.<\/p>\n<p>O governo estuda usar recursos provenientes da reonera\u00e7\u00e3o para financiar a\u00e7\u00f5es da interven\u00e7\u00e3o federal na \u00e1rea de seguran\u00e7a p\u00fablica no estado do Rio de Janeiro.<\/p>\n<p>Fonte: Ag\u00eancia Brasil<\/p>\n","protected":false},"excerpt":{"rendered":"<p>O plen\u00e1rio da C\u00e2mara dos Deputados aprovou nessa quarta-feira, 21, tramita\u00e7\u00e3o em regime de urg\u00eancia para o Projeto de Lei 8.456\/17, que acaba com a desonera\u00e7\u00e3o da folha de pagamento para a maioria dos setores hoje beneficiados. O requerimento foi aprovado por 342 votos a 46. Segundo o projeto, voltam a contribuir sobre a folha [&hellip;]<\/p>\n","protected":false},"author":96,"featured_media":94358,"comment_status":"closed","ping_status":"closed","sticky":false,"template":"","format":"standard","meta":{"footnotes":""},"categories":[254],"tags":[],"class_list":["post-94359","post","type-post","status-publish","format-standard","has-post-thumbnail","hentry","category-politica"],"_links":{"self":[{"href":"https:\/\/diarioregionaldigital.com.br\/index.php?rest_route=\/wp\/v2\/posts\/94359","targetHints":{"allow":["GET"]}}],"collection":[{"href":"https:\/\/diarioregionaldigital.com.br\/index.php?rest_route=\/wp\/v2\/posts"}],"about":[{"href":"https:\/\/diarioregionaldigital.com.br\/index.php?rest_route=\/wp\/v2\/types\/post"}],"author":[{"embeddable":true,"href":"https:\/\/diarioregionaldigital.com.br\/index.php?rest_route=\/wp\/v2\/users\/96"}],"replies":[{"embeddable":true,"href":"https:\/\/diarioregionaldigital.com.br\/index.php?rest_route=%2Fwp%2Fv2%2Fcomments&post=94359"}],"version-history":[{"count":0,"href":"https:\/\/diarioregionaldigital.com.br\/index.php?rest_route=\/wp\/v2\/posts\/94359\/revisions"}],"wp:featuredmedia":[{"embeddable":true,"href":"https:\/\/diarioregionaldigital.com.br\/index.php?rest_route=\/wp\/v2\/media\/94358"}],"wp:attachment":[{"href":"https:\/\/diarioregionaldigital.com.br\/index.php?rest_route=%2Fwp%2Fv2%2Fmedia&parent=94359"}],"wp:term":[{"taxonomy":"category","embeddable":true,"href":"https:\/\/diarioregionaldigital.com.br\/index.php?rest_route=%2Fwp%2Fv2%2Fcategories&post=94359"},{"taxonomy":"post_tag","embeddable":true,"href":"https:\/\/diarioregionaldigital.com.br\/index.php?rest_route=%2Fwp%2Fv2%2Ftags&post=94359"}],"curies":[{"name":"wp","href":"https:\/\/api.w.org\/{rel}","templated":true}]}}