{"id":94357,"date":"2018-03-22T11:22:29","date_gmt":"2018-03-22T14:22:29","guid":{"rendered":"http:\/\/diarioregionaljf.com.br\/2018\/03\/22\/temer-anuncia-no-rio-liberacao-de-r-1-bilhao-para-seguranca-no-estado\/"},"modified":"2018-03-22T11:22:29","modified_gmt":"2018-03-22T14:22:29","slug":"temer-anuncia-no-rio-liberacao-de-r-1-bilhao-para-seguranca-no-estado","status":"publish","type":"post","link":"https:\/\/diarioregionaldigital.com.br\/?p=94357","title":{"rendered":"Temer anuncia no Rio libera\u00e7\u00e3o de R$ 1 bilh\u00e3o para seguran\u00e7a no estado"},"content":{"rendered":"<p>O presidente Michel Temer anunciou, na noite dessa quarta-feira, 21,, a libera\u00e7\u00e3o oficial de R$ 1 bilh\u00e3o para a seguran\u00e7a do Rio de Janeiro. O montante ser\u00e1 liberado nos pr\u00f3ximos dias.<\/p>\n<p>O presidente fez o an\u00fancio no Centro Integrado de Comando e Controle (CICC) ap\u00f3s se reunir com o governador do Rio, Luiz Fernando Pez\u00e3o, os ministros da Seguran\u00e7a P\u00fablica, Raul Jungmann; da Defesa, general Joaquim Silva e Luna; do Gabinete de Seguran\u00e7a Institucional, general S\u00e9rgio Etchegoyen; e o interventor na seguran\u00e7a do Rio, general Walter Braga Netto.<\/p>\n<p>Temer contou que na reuni\u00e3o foram especificadas as necessidades or\u00e7ament\u00e1rias da interven\u00e7\u00e3o no estado, sendo que grande parte refere-se a d\u00edvidas passadas no setor de seguran\u00e7a p\u00fablica.<\/p>\n<p>\u201cOuvi as postula\u00e7\u00f5es referentes \u00e0s necessidades administrativas do gabinete do interventor federal. S\u00e3o necessidades que ser\u00e3o supridas pelo governo federal, de um lado, e de igual maneira pelo governo do Estado. Esclarecemos a quest\u00e3o da verba de R$ 3 bilh\u00f5es [calculada como necess\u00e1ria pelo interventor], definimos que boa parte dela refere-se a um passivo, portanto no passado, e as necessidades ficam em torno de R$ 1 bilh\u00e3o, que n\u00f3s j\u00e1 estamos destinando muito proximamente, em dois ou tr\u00eas dias\u201d, declarou Temer.<\/p>\n<p>O general Walter Braga Netto disse na \u00faltima segunda-feira, 19, que a interven\u00e7\u00e3o precisa de R$ 3,1 bilh\u00f5es para cobrir d\u00edvidas com fornecedores e botar os sal\u00e1rios em dia na \u00e1rea de seguran\u00e7a p\u00fablica. O governo federal assegurou a libera\u00e7\u00e3o de R$ 1 bilh\u00e3o. O restante dos recursos deve vir do or\u00e7amento do estado do Rio de Janeiro.<\/p>\n<p>O presidente Temer ressaltou que o tema da seguran\u00e7a p\u00fablica n\u00e3o \u00e9 restrito apenas ao estado do Rio, mas \u00e9 um assunto que afeta a todo o pa\u00eds.<\/p>\n<p>\u201cN\u00f3s resolvemos enfrentar esse tema aqui no Rio de Janeiro, mediante interven\u00e7\u00e3o cooperativa, junto com o governador Pez\u00e3o, mas estamos enfrentando essa quest\u00e3o em todo o Brasil, na medida em que criamos o Minist\u00e9rio da Seguran\u00e7a P\u00fablica. N\u00f3s estamos atendendo a uma das principais preocupa\u00e7\u00f5es hoje de todo o povo brasileiro. Seguran\u00e7a p\u00fablica ocupa o primeiro lugar nas preocupa\u00e7\u00f5es daqueles que vivem no nosso pa\u00eds\u201d, finalizou o presidente.<\/p>\n<p>De acordo com Temer, a tend\u00eancia \u00e9 de queda nos \u00edndices de criminalidade no Rio: \u201cOuvi relatos, sobre o in\u00edcio desta interven\u00e7\u00e3o, e tudo revela que poder\u00e1 haver uma tend\u00eancia de queda das v\u00e1rias esp\u00e9cies delituosas. Ao longo do tempo isso realmente ocorrer\u00e1, o que \u00e9 muito bom\u201d.<\/p>\n<p>Fonte: Ag\u00eancia Brasil<\/p>\n","protected":false},"excerpt":{"rendered":"<p>O presidente Michel Temer anunciou, na noite dessa quarta-feira, 21,, a libera\u00e7\u00e3o oficial de R$ 1 bilh\u00e3o para a seguran\u00e7a do Rio de Janeiro. O montante ser\u00e1 liberado nos pr\u00f3ximos dias. O presidente fez o an\u00fancio no Centro Integrado de Comando e Controle (CICC) ap\u00f3s se reunir com o governador do Rio, Luiz Fernando Pez\u00e3o, [&hellip;]<\/p>\n","protected":false},"author":96,"featured_media":94356,"comment_status":"closed","ping_status":"closed","sticky":false,"template":"","format":"standard","meta":{"footnotes":""},"categories":[254],"tags":[],"class_list":["post-94357","post","type-post","status-publish","format-standard","has-post-thumbnail","hentry","category-politica"],"_links":{"self":[{"href":"https:\/\/diarioregionaldigital.com.br\/index.php?rest_route=\/wp\/v2\/posts\/94357","targetHints":{"allow":["GET"]}}],"collection":[{"href":"https:\/\/diarioregionaldigital.com.br\/index.php?rest_route=\/wp\/v2\/posts"}],"about":[{"href":"https:\/\/diarioregionaldigital.com.br\/index.php?rest_route=\/wp\/v2\/types\/post"}],"author":[{"embeddable":true,"href":"https:\/\/diarioregionaldigital.com.br\/index.php?rest_route=\/wp\/v2\/users\/96"}],"replies":[{"embeddable":true,"href":"https:\/\/diarioregionaldigital.com.br\/index.php?rest_route=%2Fwp%2Fv2%2Fcomments&post=94357"}],"version-history":[{"count":0,"href":"https:\/\/diarioregionaldigital.com.br\/index.php?rest_route=\/wp\/v2\/posts\/94357\/revisions"}],"wp:featuredmedia":[{"embeddable":true,"href":"https:\/\/diarioregionaldigital.com.br\/index.php?rest_route=\/wp\/v2\/media\/94356"}],"wp:attachment":[{"href":"https:\/\/diarioregionaldigital.com.br\/index.php?rest_route=%2Fwp%2Fv2%2Fmedia&parent=94357"}],"wp:term":[{"taxonomy":"category","embeddable":true,"href":"https:\/\/diarioregionaldigital.com.br\/index.php?rest_route=%2Fwp%2Fv2%2Fcategories&post=94357"},{"taxonomy":"post_tag","embeddable":true,"href":"https:\/\/diarioregionaldigital.com.br\/index.php?rest_route=%2Fwp%2Fv2%2Ftags&post=94357"}],"curies":[{"name":"wp","href":"https:\/\/api.w.org\/{rel}","templated":true}]}}