{"id":94355,"date":"2018-03-22T11:12:53","date_gmt":"2018-03-22T14:12:53","guid":{"rendered":"http:\/\/diarioregionaljf.com.br\/2018\/03\/22\/supremo-julga-habeas-corpus-preventivo-para-evitar-prisao-de-lula\/"},"modified":"2018-03-22T11:12:53","modified_gmt":"2018-03-22T14:12:53","slug":"supremo-julga-habeas-corpus-preventivo-para-evitar-prisao-de-lula","status":"publish","type":"post","link":"https:\/\/diarioregionaldigital.com.br\/?p=94355","title":{"rendered":"Supremo julga habeas corpus preventivo para evitar pris\u00e3o de Lula"},"content":{"rendered":"<p>O Supremo Tribunal Federal (STF) julga hoje, 22, a partir das 14h, habeas corpus no qual a defesa do ex-presidente Luiz In\u00e1cio Lula da Silva tenta impedir eventual pris\u00e3o ap\u00f3s o fim dos recursos na segunda inst\u00e2ncia da Justi\u00e7a Federal.<\/p>\n<p>O julgamento ser\u00e1 decisivo para Lula em fun\u00e7\u00e3o da confirma\u00e7\u00e3o de que o Tribunal Regional Federal da 4\u00aa Regi\u00e3o, sediado em Porto Alegre, dever\u00e1 julgar na pr\u00f3xima segunda-feira, 26, o \u00faltimo recurso contra a condena\u00e7\u00e3o a 12 anos e um m\u00eas de pris\u00e3o na a\u00e7\u00e3o penal do tr\u00edplex do Guaruj\u00e1 (SP), no \u00e2mbito da Opera\u00e7\u00e3o Lava Jato.<\/p>\n<p>Atualmente, a Corte tem um impasse sobre o entendimento que autorizou a execu\u00e7\u00e3o provis\u00f3ria de condenados em segunda inst\u00e2ncia. O voto decisivo no julgamento deve ser proferido pela ministra Rosa Weber e vai depender da manuten\u00e7\u00e3o de seu entendimento.<\/p>\n<p>Em 2016, quando a Corte analisou o caso, a ministra votou contra a pris\u00e3o em segunda inst\u00e2ncia. No entanto, apesar de ser voto vencido, at\u00e9 o momento ela n\u00e3o proferiu decis\u00f5es individuais evitando a pris\u00e3o de condenados e vem seguindo a decis\u00e3o da maioria do plen\u00e1rio.<\/p>\n<p>Com voto da ministra contra o habeas corpus, o placar ser\u00e1 de 6 a 5 a favor execu\u00e7\u00e3o provis\u00f3ria de Lula. Se ela votar a favor da concess\u00e3o do habeas corpus, o placar da vota\u00e7\u00e3o pode passar para 6 votos a 5 contra a execu\u00e7\u00e3o provis\u00f3ria do ex-presidente.<\/p>\n<p>Com base em votos proferidos em julgamentos sobre o mesmo tema nas duas turmas da Corte, a expectativa \u00e9 de que os ministro Gilmar Mendes, Dias Toffoli, Ricardo Lewandowski, Marco Aur\u00e9lio e Celso de Mello devam votar contra a pris\u00e3o em segunda inst\u00e2ncia. Edson Fachin, Lu\u00eds Roberto Barroso, Luiz Fux e Alexandre de Moraes a favor.<\/p>\n<p>&nbsp;<\/p>\n<h4>HABEAS CORPUS<\/h4>\n<p>No habeas corpus protocolado no STF, a defesa do ex-presidente discorda do entendimento da Corte, que autorizou a pris\u00e3o ap\u00f3s os recursos de segunda inst\u00e2ncia, por entender que a quest\u00e3o \u00e9 inconstitucional.<\/p>\n<p>\u201cRever esse posicionamento n\u00e3o apequena nossa Suprema Corte &#8211; ao contr\u00e1rio &#8211; a engrandece, pois, nos momentos de crise \u00e9 que devem ser fortalecidos os par\u00e2metros, os princ\u00edpios e os valores. A discuss\u00e3o prescinde de nomes, indiv\u00edduos, vez que importa \u00e0 sociedade brasileira como um todo. Espera-se que este Supremo Tribunal Federal, a \u00faltima trincheira dos cidad\u00e3os, reafirme seu papel, o respeito incondicional \u00e0s garantias fundamentais e o compromisso com a quest\u00e3o da liberdade\u201d, argumentam os advogados.<\/p>\n<p>&nbsp;<\/p>\n<h4>TRF<\/h4>\n<p>Na pr\u00f3xima segunda-feira, 26, o Tribunal Regional Federal (TRF) da 4\u00aa Regi\u00e3o, sediado em Porto Alegre, deve julgar os chamados embargos de declara\u00e7\u00e3o, recursos que pretendem esclarecer omiss\u00f5es, obscuridades ou contradi\u00e7\u00f5es no ac\u00f3rd\u00e3o, a senten\u00e7a colegiada que aumentou a pena do ex-presidente para 12 anos e um m\u00eas de pris\u00e3o na a\u00e7\u00e3o penal do tr\u00edplex do Guaruj\u00e1 (SP), na Lava Jato.<\/p>\n<p>Os embargos ser\u00e3o julgados pela 8\u00aa turma do tribunal, composta pelos desembargadores Gebran Neto, Leandro Paulsen e Victor Laus. Ao aumentar a pena de Lula, inicialmente estabelecida pelo juiz federal S\u00e9rgio Moro, da 13\u00ba Vara Federal em Curitiba, em nove anos, os desembargadores tomaram a decis\u00e3o por unanimidade.<\/p>\n<p>Se os embargos forem rejeitados na sess\u00e3o da pr\u00f3xima segunda-feira, o processo ser\u00e1 enviado de volta para Moro, que ser\u00e1 respons\u00e1vel pela emiss\u00e3o do mandado de pris\u00e3o. Se forem aceitos, caber\u00e1 mais recursos e a pena n\u00e3o poder\u00e1 ser executada.<\/p>\n<p>A sess\u00e3o do tribunal est\u00e1 marcada para as 13h, na sede do TRF 4, na capital ga\u00facha.<\/p>\n<p>&nbsp;<\/p>\n<p>Fonte: Ag\u00eancia Brasil<\/p>\n","protected":false},"excerpt":{"rendered":"<p>O Supremo Tribunal Federal (STF) julga hoje, 22, a partir das 14h, habeas corpus no qual a defesa do ex-presidente Luiz In\u00e1cio Lula da Silva tenta impedir eventual pris\u00e3o ap\u00f3s o fim dos recursos na segunda inst\u00e2ncia da Justi\u00e7a Federal. O julgamento ser\u00e1 decisivo para Lula em fun\u00e7\u00e3o da confirma\u00e7\u00e3o de que o Tribunal Regional [&hellip;]<\/p>\n","protected":false},"author":96,"featured_media":94354,"comment_status":"closed","ping_status":"closed","sticky":false,"template":"","format":"standard","meta":{"footnotes":""},"categories":[254],"tags":[],"class_list":["post-94355","post","type-post","status-publish","format-standard","has-post-thumbnail","hentry","category-politica"],"_links":{"self":[{"href":"https:\/\/diarioregionaldigital.com.br\/index.php?rest_route=\/wp\/v2\/posts\/94355","targetHints":{"allow":["GET"]}}],"collection":[{"href":"https:\/\/diarioregionaldigital.com.br\/index.php?rest_route=\/wp\/v2\/posts"}],"about":[{"href":"https:\/\/diarioregionaldigital.com.br\/index.php?rest_route=\/wp\/v2\/types\/post"}],"author":[{"embeddable":true,"href":"https:\/\/diarioregionaldigital.com.br\/index.php?rest_route=\/wp\/v2\/users\/96"}],"replies":[{"embeddable":true,"href":"https:\/\/diarioregionaldigital.com.br\/index.php?rest_route=%2Fwp%2Fv2%2Fcomments&post=94355"}],"version-history":[{"count":0,"href":"https:\/\/diarioregionaldigital.com.br\/index.php?rest_route=\/wp\/v2\/posts\/94355\/revisions"}],"wp:featuredmedia":[{"embeddable":true,"href":"https:\/\/diarioregionaldigital.com.br\/index.php?rest_route=\/wp\/v2\/media\/94354"}],"wp:attachment":[{"href":"https:\/\/diarioregionaldigital.com.br\/index.php?rest_route=%2Fwp%2Fv2%2Fmedia&parent=94355"}],"wp:term":[{"taxonomy":"category","embeddable":true,"href":"https:\/\/diarioregionaldigital.com.br\/index.php?rest_route=%2Fwp%2Fv2%2Fcategories&post=94355"},{"taxonomy":"post_tag","embeddable":true,"href":"https:\/\/diarioregionaldigital.com.br\/index.php?rest_route=%2Fwp%2Fv2%2Ftags&post=94355"}],"curies":[{"name":"wp","href":"https:\/\/api.w.org\/{rel}","templated":true}]}}