{"id":94349,"date":"2018-03-21T22:48:15","date_gmt":"2018-03-22T01:48:15","guid":{"rendered":"http:\/\/diarioregionaljf.com.br\/2018\/03\/21\/cartorio-benfica-22-03-18\/"},"modified":"2018-08-13T20:32:59","modified_gmt":"2018-08-13T23:32:59","slug":"cartorio-benfica-22-03-18","status":"publish","type":"post","link":"https:\/\/diarioregionaldigital.com.br\/?p=94349","title":{"rendered":"Cart\u00f3rio Benfica 22\/03\/18"},"content":{"rendered":"<p>REP\u00daBLICA FEDERATIVA DO BRASIL ESTADO DE MINAS GERAIS<\/p>\n<p>Cart\u00f3rio de Registro Civil 3\u00ba Subdistrito &#8211; Juiz de Fora MG<br \/>Oficial Titular: Mariana Sad Albuquerque e Castro<\/p>\n<p>Rua Tom\u00e9 de Souza, 49 &#8211; Lj 03 Benfica<br \/>36090270 &#8211; Juiz de Fora &#8211; MG<\/p>\n<p>Faz saber que pretendem casar-se:<br \/>01- CARLOS EDUARDO SILVA DAS GRA\u00c7AS, resid\u00eancia Rua Jos\u00e9 Cabral dos Reis, n\u00ba 111, Vila Esperan\u00e7a II, Juiz de Fora-MG e CARINA RAMOS DA SILVA, resid\u00eancia Rua Jos\u00e9 Cabral dos Reis, n\u00ba 111, Vila Esperan\u00e7a II, Juiz de Fora-MG;<\/p>\n<p>02X- CARLOS ROBERTO STAFANATO ALPORGES, resid\u00eancia Rua Maria Jos\u00e9 de Oliveira, n\u00ba23, S\u00e3o Francisco de Paula, Juiz de Fora-MG e MARIA APARECIDA DA SILVA, resid\u00eancia Rua Maria Jos\u00e9 de Oliveira, n\u00ba23, S\u00e3o Francisco de Paula, Juiz de Fora-MG;<\/p>\n<p>03 &#8211; DARCY ALVES DORNELAS J\u00daNIOR, resid\u00eancia Rua Nilo Pe\u00e7anha, n\u00ba30, Santa Cruz, Juiz de Fora-MG e CARLA MICHELLE SOARES, resid\u00eancia Rua Nilo Pe\u00e7anha, n\u00ba30, Santa Cruz, Juiz de Fora-MG;<\/p>\n<p>04 &#8211; DOUGLAS FERNANDES DA SILVA, resid\u00eancia Rua Porto Seguro, 120, Benfica, Juiz de Fora-MG e GABRIELLE SOUZA DE PAULA, resid\u00eancia Rua Porto Seguro, 120, Benfica, Juiz de Fora-MG;<\/p>\n<p>05 &#8211; FLAVIO ONOFRE PIFANO, resid\u00eancia Travessa Jo\u00e3o Pereira da Silva, n\u00ba 79, Santa Cruz, Juiz de Fora-MG e ALINE DE PAULA CAMPOS, resid\u00eancia Travessa Jo\u00e3o Pereira da Silva, n\u00ba 07, Santa Cruz, Juiz de Fora-MG;<\/p>\n<p>06 &#8211; MARCELO AUGUSTO DE SOUZA, resid\u00eancia Rodovia BR-267 Km 121, H\u00edpico Residencial Caracol, Rua do Mirante, 170, Igrejinha, Juiz de Fora-MG e ANGELA MARIA GOMES, resid\u00eancia Rodovia BR-267 Km 121, H\u00edpico Residencial Caracol, Rua do Mirante, 170, Igrejinha, Juiz de Fora-MG;<\/p>\n<p>07 &#8211; RODRIGO OLIVEIRA MARQUES, resid\u00eancia Rua Jos\u00e9 Lib\u00e2nio da Fonseca, n\u00ba123, Benfica, Juiz de Fora-MG e MICHELE DE CASSIA FARIA, resid\u00eancia Rua Jos\u00e9 Lib\u00e2nio da Fonseca, n\u00ba123, Benfica, Juiz de Fora-MG;<\/p>\n<p>08 &#8211; WASHINGTON DA SILVA RODRIGUES, resid\u00eancia Rua Feliciano Campagnacci, n\u00ba 26, S\u00e3o Dami\u00e3o, Juiz de Fora-MG e LARA BACELLAR DO NASCIMENTO, resid\u00eancia Rua Doutor Kalil Abrah\u00e3o Hallack, n\u00ba 91, Santa Cruz, Juiz de Fora-MG;<\/p>\n<p>09- WELLINGTON QUEIROGA DE ASSIS, resid\u00eancia Rua dos Rodovi\u00e1rios, 82, Nova Era, Juiz de Fora-MG e DANIELI LISSANDRA APARECIDA GODENCO, resid\u00eancia Rua dos Rodovi\u00e1rios, 82, Nova Era, Juiz de Fora-MG.<\/p>\n<p>Os contraentes apresentaram os documentos exigidos pelo art.1525 do C\u00f3digo Civil Brasileiro. Se algu\u00e9m souber de algum impedimento, que os impe\u00e7am de se casar, que o fa\u00e7a na forma da Lei:<\/p>\n<p>Juiz de Fora , 21\/03\/2018<\/p>\n<p>MARIANA SAD ALBUQUERQUE E CASTRO<br \/>Oficial do Registro Civil<br \/>Cartosoft &#8211; Automa\u00e7\u00e3o de Cart\u00f3rios do Registro Civil www.cartosoft.com.br<\/p>\n","protected":false},"excerpt":{"rendered":"<p>REP\u00daBLICA FEDERATIVA DO BRASIL ESTADO DE MINAS GERAIS Cart\u00f3rio de Registro Civil 3\u00ba Subdistrito &#8211; Juiz de Fora MGOficial Titular: Mariana Sad Albuquerque e Castro Rua Tom\u00e9 de Souza, 49 &#8211; Lj 03 Benfica36090270 &#8211; Juiz de Fora &#8211; MG Faz saber que pretendem casar-se:01- CARLOS EDUARDO SILVA DAS GRA\u00c7AS, resid\u00eancia Rua Jos\u00e9 Cabral dos [&hellip;]<\/p>\n","protected":false},"author":96,"featured_media":0,"comment_status":"closed","ping_status":"closed","sticky":false,"template":"","format":"standard","meta":{"footnotes":""},"categories":[307],"tags":[],"class_list":["post-94349","post","type-post","status-publish","format-standard","hentry","category-editais"],"_links":{"self":[{"href":"https:\/\/diarioregionaldigital.com.br\/index.php?rest_route=\/wp\/v2\/posts\/94349","targetHints":{"allow":["GET"]}}],"collection":[{"href":"https:\/\/diarioregionaldigital.com.br\/index.php?rest_route=\/wp\/v2\/posts"}],"about":[{"href":"https:\/\/diarioregionaldigital.com.br\/index.php?rest_route=\/wp\/v2\/types\/post"}],"author":[{"embeddable":true,"href":"https:\/\/diarioregionaldigital.com.br\/index.php?rest_route=\/wp\/v2\/users\/96"}],"replies":[{"embeddable":true,"href":"https:\/\/diarioregionaldigital.com.br\/index.php?rest_route=%2Fwp%2Fv2%2Fcomments&post=94349"}],"version-history":[{"count":0,"href":"https:\/\/diarioregionaldigital.com.br\/index.php?rest_route=\/wp\/v2\/posts\/94349\/revisions"}],"wp:attachment":[{"href":"https:\/\/diarioregionaldigital.com.br\/index.php?rest_route=%2Fwp%2Fv2%2Fmedia&parent=94349"}],"wp:term":[{"taxonomy":"category","embeddable":true,"href":"https:\/\/diarioregionaldigital.com.br\/index.php?rest_route=%2Fwp%2Fv2%2Fcategories&post=94349"},{"taxonomy":"post_tag","embeddable":true,"href":"https:\/\/diarioregionaldigital.com.br\/index.php?rest_route=%2Fwp%2Fv2%2Ftags&post=94349"}],"curies":[{"name":"wp","href":"https:\/\/api.w.org\/{rel}","templated":true}]}}