{"id":94347,"date":"2018-03-21T22:45:42","date_gmt":"2018-03-22T01:45:42","guid":{"rendered":"http:\/\/diarioregionaljf.com.br\/2018\/03\/21\/cartorio-cobucci-22-03-18\/"},"modified":"2018-08-13T20:32:59","modified_gmt":"2018-08-13T23:32:59","slug":"cartorio-cobucci-22-03-18","status":"publish","type":"post","link":"https:\/\/diarioregionaldigital.com.br\/?p=94347","title":{"rendered":"Cart\u00f3rio Cobucci 22\/03\/18"},"content":{"rendered":"<p>REP\u00daBLICA FEDERATIVA DO BRASILESTADO DE MINAS GERAIS<\/p>\n<p>REGISTRO CIVIL DAS PESSOAS NATURAIS, INTERDI\u00c7\u00d5ES E TUTELAS<br \/>1\u00ba SUBDISTRITO<\/p>\n<p>Oficial Titular: JOS\u00c9 THADEU MACHADO COBUCCI<\/p>\n<p>Av. Pres. Itamar Franco, 1.522 Centro<br \/>36016-320 &#8211; Juiz de Fora \u2013 MG<\/p>\n<p>Faz saber que pretendem casar-se:<\/p>\n<p>01 &#8211; ADRIANO FERNANDES, maior, caseiro, resid\u00eancia Avenida Deusdedith Salgado, 4895, Salvaterra, Juiz de Fora-MG e MARILZA AGUIAR DOS SANTOS, maior, aut\u00f4noma, resid\u00eancia Avenida Deusdedith Salgado, 4895, Salvaterra, Juiz de Fora-MG<\/p>\n<p>02 &#8211; MAICON DOUGLAS DO CARMO, maior, policial militar, resid\u00eancia Rua Dr. Adair Calaes Lessa, 247,, Santa Cec\u00edlia, Juiz de Fora-MG e IRIS KARINA VIEIRA, maior, turism\u00f3loga, resid\u00eancia Rua Jos\u00e9 Tarc\u00edsio Moreira Lanna, 15,, Arco Iris, Juiz de Fora-MG<\/p>\n<p>03 &#8211; HENRIQUE \u00c9STER DE OLIVEIRA, maior, assistente de finan\u00e7as, resid\u00eancia Avenida Ant\u00f4nio Ribeiro, 85\/303, Granbery, Juiz de Fora-MG e ANNA CAROLINA CARUSO DO NASCIMENTO, maior, assistente de faturamento, resid\u00eancia Rua Doutor Eduardo de Menezes, 335, S\u00e3o Mateus, Juiz de Fora-MG<\/p>\n<p>04 &#8211; FILIPE RODRIGUES DE OLIVEIRA VERNEQUE, maior, economi\u00e1rio, resid\u00eancia Rua Samuel Costa, 15, Teixeiras, Juiz de Fora-MG e JOSIANE REZENDE THOMAZ, maior, pedagoga, resid\u00eancia Rua Samuel Costa, 15, Teixeiras, Juiz de Fora-MG<\/p>\n<p>05 &#8211; JEAN PEDRO BISPO GUEDES, maior, vendedor, resid\u00eancia Rua Doutor Jos\u00e9 Lanziotti, 57, Jardim Ga\u00facho, Juiz de Fora-MG e FABIANA ANTONIA DE MELO CASTRO, maior, enfermeira, resid\u00eancia Rua Doutor Jos\u00e9 Lanziotti, 57, Jardim Ga\u00facho, Juiz de Fora-MG<\/p>\n<p>XC 06 &#8211; JOS\u00c9 CARLOS BARBOSA DA SILVA, maior, servente de pedreiro, resid\u00eancia Rua Ilva Pinto Machado, 175, Santa Efig\u00eania, Juiz de Fora-MG e ANA PAULA DE OLIVEIRA, maior, copeira, resid\u00eancia Rua Ilva Pinto Machado, 175, Santa Efig\u00eania, Juiz de Fora-MG<\/p>\n<p>07 &#8211; DANIEL NETO SILVA, maior, famac\u00eautico, resid\u00eancia Rua Dr. Antonio Carlos, 347\/1600,, Centro, Juiz de Fora-MG e VER\u00d4NICA FERNANDES MAROTTA SILVA, maior, administradora, resid\u00eancia Rua Dr. Antonio Carlos, 347\/1600,, Centro, Juiz de Fora-MG<\/p>\n<p>08 &#8211; JULIO CESAR DE CASTRO JUNIOR, maior, programador, resid\u00eancia Rua Engenheiro Maur\u00edcio Giron, 66\/401, S\u00e3o Mateus, Juiz de Fora-MG e LIVIA MARINS RAMALHO DE MELLO, maior, dentista, resid\u00eancia Rua Engenheiro Maur\u00edcio Giron, 66\/401, S\u00e3o Mateus, Juiz de Fora-MG<\/p>\n<p>09 &#8211; LUIZ OSCAR MACHADO MARTINS, maior, m\u00e9dico, resid\u00eancia Rua Severino Meirelles, 330\/1302, Alto dos Passos, Juiz de Fora-MG e GISLAINE SANGLARD DA SILVA, maior, m\u00e9dica, resid\u00eancia Rua Severino Meirelles,330\/1302, Alto dos Passos, Juiz de Fora-MG<\/p>\n<p>10 &#8211; DOUGLAS DOS REIS DIAS, maior, eletricista, resid\u00eancia Rua Manoel Lopes Silva, 131,, Dom Bosco, Juiz de Fora-MG e JULIMAIRY APARECIDA DA SILVA, maior, operadora de caixa, resid\u00eancia Rua Manoel Lopes Silva, 131,, Dom Bosco, Juiz de Fora-MG<\/p>\n<p>XC 11 &#8211; WELLINGTON CORR\u00caA DA SILVA, maior, promotor de vendas, resid\u00eancia Rua Marciano Pinto, 1635\/302, Sagrado Cora\u00e7\u00e3o de Jesus, Juiz de Fora-MG; e V\u00cdVIAN RAMIRES DE OLIVEIRA NOVAIS, maior, do lar, resid\u00eancia Rua Marciano Pinto, 1635\/302, Sagrado Cora\u00e7\u00e3o de Jesus, Juiz de Fora-MG<\/p>\n<p>12 &#8211; FILIPE OLIVEIRA DA SILVA, maior, mec\u00e2nico, resid\u00eancia Rua Silv\u00e9rio da Silveira, 435, Dom Bosco, Juiz de Fora-MG e KEILLA FERNANDES LIMA, maior, t\u00e9cnica de enfermagem, resid\u00eancia Rua Silv\u00e9rio da Silveira, 435, Dom Bosco, Juiz de Fora-MG<\/p>\n<p>13 &#8211; THIAGO DIAS PENHA, maior, administrador, resid\u00eancia Av. Rio Branco, 3596\/1603,, 3596, Alto dos Passos, Juiz de Fora-MG e TATIANA MARTINS DE ARAUJO, maior, empres\u00e1ria, resid\u00eancia Av. Rio Branco, 3596\/1603,, Alto dos Passos, Juiz de Fora-MG<\/p>\n<p>XC 14 &#8211; JONATAN DE SOUZA RODRIGUES ROSA, maior, barbeiro, resid\u00eancia Rua Geraldo Ferreira Gomes, 155, Ipiranga, Juiz de Fora-MG e CARMEN L\u00daCIA DA SILVA, maior, dom\u00e9stica, resid\u00eancia Rua Geraldo Ferreira Gomes, 155, Ipiranga, Juiz de Fora-MG<\/p>\n<p>15 &#8211; FERNANDO ELIO DA SILVA VENANCIO, maior, ministro de confiss\u00e3o religiosa, resid\u00eancia Rua Gabriel Rodrigues, 626, Santa Cec\u00edlia, Juiz de Fora-MG e NIZLAINE GON\u00c7ALVES DA ROCHA, maior, advogada, resid\u00eancia Rua Padre Caf\u00e9, 442\/301, S\u00e3o Mateus, Juiz de Fora-MG<\/p>\n<p>Os contraentes apresentaram os documentos exigidos pelo art.1525 do C\u00f3digo Civil Brasileiro. Se algu\u00e9m souber de algum impedimento, que os impe\u00e7am de se casar, que o fa\u00e7a na forma da Lei.<\/p>\n<p>Juiz de Fora, 21\/03\/2018<\/p>\n<p>JOS\u00c9 THADEU MACHADO COBUCCI<br \/>Oficial do Registro Civil<br \/>Cartosoft &#8211; Automa\u00e7\u00e3o de Cart\u00f3rios do Registro Civil www.cartosoft.com.br<\/p>\n","protected":false},"excerpt":{"rendered":"<p>REP\u00daBLICA FEDERATIVA DO BRASILESTADO DE MINAS GERAIS REGISTRO CIVIL DAS PESSOAS NATURAIS, INTERDI\u00c7\u00d5ES E TUTELAS1\u00ba SUBDISTRITO Oficial Titular: JOS\u00c9 THADEU MACHADO COBUCCI Av. Pres. Itamar Franco, 1.522 Centro36016-320 &#8211; Juiz de Fora \u2013 MG Faz saber que pretendem casar-se: 01 &#8211; ADRIANO FERNANDES, maior, caseiro, resid\u00eancia Avenida Deusdedith Salgado, 4895, Salvaterra, Juiz de Fora-MG e [&hellip;]<\/p>\n","protected":false},"author":96,"featured_media":0,"comment_status":"closed","ping_status":"closed","sticky":false,"template":"","format":"standard","meta":{"footnotes":""},"categories":[307],"tags":[],"class_list":["post-94347","post","type-post","status-publish","format-standard","hentry","category-editais"],"_links":{"self":[{"href":"https:\/\/diarioregionaldigital.com.br\/index.php?rest_route=\/wp\/v2\/posts\/94347","targetHints":{"allow":["GET"]}}],"collection":[{"href":"https:\/\/diarioregionaldigital.com.br\/index.php?rest_route=\/wp\/v2\/posts"}],"about":[{"href":"https:\/\/diarioregionaldigital.com.br\/index.php?rest_route=\/wp\/v2\/types\/post"}],"author":[{"embeddable":true,"href":"https:\/\/diarioregionaldigital.com.br\/index.php?rest_route=\/wp\/v2\/users\/96"}],"replies":[{"embeddable":true,"href":"https:\/\/diarioregionaldigital.com.br\/index.php?rest_route=%2Fwp%2Fv2%2Fcomments&post=94347"}],"version-history":[{"count":0,"href":"https:\/\/diarioregionaldigital.com.br\/index.php?rest_route=\/wp\/v2\/posts\/94347\/revisions"}],"wp:attachment":[{"href":"https:\/\/diarioregionaldigital.com.br\/index.php?rest_route=%2Fwp%2Fv2%2Fmedia&parent=94347"}],"wp:term":[{"taxonomy":"category","embeddable":true,"href":"https:\/\/diarioregionaldigital.com.br\/index.php?rest_route=%2Fwp%2Fv2%2Fcategories&post=94347"},{"taxonomy":"post_tag","embeddable":true,"href":"https:\/\/diarioregionaldigital.com.br\/index.php?rest_route=%2Fwp%2Fv2%2Ftags&post=94347"}],"curies":[{"name":"wp","href":"https:\/\/api.w.org\/{rel}","templated":true}]}}