{"id":94344,"date":"2018-03-21T22:42:01","date_gmt":"2018-03-22T01:42:01","guid":{"rendered":"http:\/\/diarioregionaljf.com.br\/2018\/03\/21\/planetario\/"},"modified":"2018-03-21T22:42:01","modified_gmt":"2018-03-22T01:42:01","slug":"planetario","status":"publish","type":"post","link":"https:\/\/diarioregionaldigital.com.br\/?p=94344","title":{"rendered":"Planet\u00e1rio"},"content":{"rendered":"<p style=\"text-align: center;\"><span class=\"h4\">Planet\u00e1rio I<\/span><br \/>A UFJF reuniu na \u00faltima sexta-feira, 16, a imprensa da cidade para a apresenta\u00e7\u00e3o oficial do Planet\u00e1rio. Al\u00e9m de ser o maior de Minas Gerais, a obra conta com recursos tecnol\u00f3gicos que auxiliar\u00e3o nas propostas de ensino, pesquisa e extens\u00e3o dos alunos da UFJF e de toda a comunidade acad\u00eamica. A atra\u00e7\u00e3o foi aberta ter\u00e7a-feira, 20. \u00c9 o espet\u00e1culo que vale a pena ser conferido.<\/p>\n<p style=\"text-align: center;\"><span class=\"h4\">Planet\u00e1rio II \u2013 Visita\u00e7\u00e3o<\/span><br \/>De acordo com o diretor de Imagem Institucional da UFJF, M\u00e1rcio Guerra, o calend\u00e1rio de visita\u00e7\u00e3o ao Planet\u00e1rio ofertado \u00e0s escolas da regi\u00e3o para os pr\u00f3ximos dois meses foi encerrado apenas na manh\u00e3 do primeiro dia de agendamento. A procura foi intensa e demonstra o interesse da comunidade pela atra\u00e7\u00e3o, al\u00e9m de representar um espa\u00e7o diferenciado que a institui\u00e7\u00e3o oferece para toda a comunidade.<\/p>\n<p style=\"text-align: center;\"><span class=\"h4\">Planet\u00e1rio III \u2013 Esclarecimentos<\/span><br \/>O reitor da UFJF, Marcus David, apresentou a imprensa a real situa\u00e7\u00e3o or\u00e7ament\u00e1ria da Universidade. Esclareceu que a entrega de quase 50% das obras em andamento faz parte de uma gest\u00e3o que teria buscado o equil\u00edbrio financeiro e o aux\u00edlio jur\u00eddico. Al\u00e9m disso, destacou que as outras obras que est\u00e3o em andamento e\/ou em uma situa\u00e7\u00e3o mais cr\u00edtica est\u00e3o sendo resolvidas juntamente a Advocacia Geral da Uni\u00e3o (AGU) para melhor concretiza\u00e7\u00e3o das mesmas. (Foto e colabora\u00e7\u00e3o do jornalista Talison Vardiero).<\/p>\n<p style=\"text-align: center;\"><img decoding=\"async\" class=\" size-full wp-image-94336\" src=\"http:\/\/diarioregionaljf.com.br\/wp-content\/uploads\/2018\/03\/diario-int-25305-1.jpg\" alt=\"fotoa.jpg\" width=\"680\" style=\"display: block; margin-left: auto; margin-right: auto;\" srcset=\"https:\/\/diarioregionaldigital.com.br\/wp-content\/uploads\/2018\/03\/diario-int-25305-1.jpg 680w, https:\/\/diarioregionaldigital.com.br\/wp-content\/uploads\/2018\/03\/diario-int-25305-1-300x199.jpg 300w, https:\/\/diarioregionaldigital.com.br\/wp-content\/uploads\/2018\/03\/diario-int-25305-1-360x238.jpg 360w\" sizes=\"(max-width: 680px) 100vw, 680px\" \/>Na inaugura\u00e7\u00e3o do Planet\u00e1rio da UFJF, o diretor de Imagem Institucional M\u00e1rcio Guerra, a pr\u00f3-reitora de Extens\u00e3o Ana L\u00edvia Coimbra, a vice-reitora Girlene Silva e o reitor Marcus David<\/p>\n<p style=\"text-align: center;\"><span class=\"h4\">Dica<\/span><br \/>Para a P\u00e1scoa a dica s\u00e3o os ovos, chocolates e lembrancinhas da Grenoble. A loja recheada de del\u00edcias fica no Braz Shopping 1\u00ba piso.<\/p>\n<p style=\"text-align: center;\"><span class=\"h4\">Not\u00edcia<\/span><br \/>Um dos objetivos da guerrilha que Marcelo Odebrecht move contra parte da c\u00fapula da Odebrecht \u00e9 evitar que Newton de Souza, atual vice-presidente do conselho de administra\u00e7\u00e3o assuma em abril o cargo de presidente no lugar de outro desafeto seu, Em\u00edlio Odebrecht.<\/p>\n<p style=\"text-align: center;\"><img decoding=\"async\" class=\" size-full wp-image-94337\" src=\"http:\/\/diarioregionaljf.com.br\/wp-content\/uploads\/2018\/03\/diario-int-25305-2.jpg\" alt=\"fotoe.jpg\" width=\"680\" style=\"display: block; margin-left: auto; margin-right: auto;\" srcset=\"https:\/\/diarioregionaldigital.com.br\/wp-content\/uploads\/2018\/03\/diario-int-25305-2.jpg 680w, https:\/\/diarioregionaldigital.com.br\/wp-content\/uploads\/2018\/03\/diario-int-25305-2-300x199.jpg 300w, https:\/\/diarioregionaldigital.com.br\/wp-content\/uploads\/2018\/03\/diario-int-25305-2-360x238.jpg 360w\" sizes=\"(max-width: 680px) 100vw, 680px\" \/>Na eletrizante noite do Muzik, os bonit\u00f5es Heryko Handely e Rodrigo Franco<\/p>\n<p style=\"text-align: center;\"><img decoding=\"async\" class=\" size-full wp-image-94338\" src=\"http:\/\/diarioregionaljf.com.br\/wp-content\/uploads\/2018\/03\/diario-int-25305-3.jpg\" alt=\"fotof.jpg\" width=\"680\" style=\"display: block; margin-left: auto; margin-right: auto;\" srcset=\"https:\/\/diarioregionaldigital.com.br\/wp-content\/uploads\/2018\/03\/diario-int-25305-3.jpg 680w, https:\/\/diarioregionaldigital.com.br\/wp-content\/uploads\/2018\/03\/diario-int-25305-3-300x199.jpg 300w, https:\/\/diarioregionaldigital.com.br\/wp-content\/uploads\/2018\/03\/diario-int-25305-3-360x238.jpg 360w\" sizes=\"(max-width: 680px) 100vw, 680px\" \/>Na Dermaclin suavizando, a m\u00e9dica dermatologista V\u00e2nia Piccinini Silva e Eduardo Gomes<\/p>\n<p style=\"text-align: center;\"><img decoding=\"async\" class=\" size-full wp-image-94339\" src=\"http:\/\/diarioregionaljf.com.br\/wp-content\/uploads\/2018\/03\/diario-int-25305-4.jpg\" alt=\"fotob.jpg\" width=\"680\" style=\"display: block; margin-left: auto; margin-right: auto;\" srcset=\"https:\/\/diarioregionaldigital.com.br\/wp-content\/uploads\/2018\/03\/diario-int-25305-4.jpg 680w, https:\/\/diarioregionaldigital.com.br\/wp-content\/uploads\/2018\/03\/diario-int-25305-4-300x221.jpg 300w, https:\/\/diarioregionaldigital.com.br\/wp-content\/uploads\/2018\/03\/diario-int-25305-4-360x265.jpg 360w\" sizes=\"(max-width: 680px) 100vw, 680px\" \/>Aniversariante de destaque da semana, o jovem Weslley Lorenzetto curtiu temporada em Gamboa do Mato, na Bahia<\/p>\n<p style=\"text-align: center;\"><img decoding=\"async\" class=\" size-full wp-image-94340\" src=\"http:\/\/diarioregionaljf.com.br\/wp-content\/uploads\/2018\/03\/diario-int-25305-5.jpg\" alt=\"fotoaa.jpg\" width=\"680\" style=\"display: block; margin-left: auto; margin-right: auto;\" srcset=\"https:\/\/diarioregionaldigital.com.br\/wp-content\/uploads\/2018\/03\/diario-int-25305-5.jpg 680w, https:\/\/diarioregionaldigital.com.br\/wp-content\/uploads\/2018\/03\/diario-int-25305-5-300x199.jpg 300w, https:\/\/diarioregionaldigital.com.br\/wp-content\/uploads\/2018\/03\/diario-int-25305-5-360x238.jpg 360w\" sizes=\"(max-width: 680px) 100vw, 680px\" \/>O bonito modelo carioca Pedro Henrique em foto especial&nbsp; para esta coluna vestindo a HR Griffes de Juiz de Fora<\/p>\n<p style=\"text-align: center;\"><img decoding=\"async\" class=\" size-full wp-image-94341\" src=\"http:\/\/diarioregionaljf.com.br\/wp-content\/uploads\/2018\/03\/diario-int-25305-6.jpg\" alt=\"fotoc.jpg\" width=\"680\" style=\"display: block; margin-left: auto; margin-right: auto;\" srcset=\"https:\/\/diarioregionaldigital.com.br\/wp-content\/uploads\/2018\/03\/diario-int-25305-6.jpg 680w, https:\/\/diarioregionaldigital.com.br\/wp-content\/uploads\/2018\/03\/diario-int-25305-6-300x243.jpg 300w, https:\/\/diarioregionaldigital.com.br\/wp-content\/uploads\/2018\/03\/diario-int-25305-6-360x291.jpg 360w\" sizes=\"(max-width: 680px) 100vw, 680px\" \/>Formando lindo casal na night de JF, Fabiane Santos e Ilson J\u00fanior<\/p>\n<p style=\"text-align: center;\"><img decoding=\"async\" class=\" size-full wp-image-94342\" src=\"http:\/\/diarioregionaljf.com.br\/wp-content\/uploads\/2018\/03\/diario-int-25305-7.jpg\" alt=\"fotog.jpg\" width=\"680\" style=\"display: block; margin-left: auto; margin-right: auto;\" srcset=\"https:\/\/diarioregionaldigital.com.br\/wp-content\/uploads\/2018\/03\/diario-int-25305-7.jpg 680w, https:\/\/diarioregionaldigital.com.br\/wp-content\/uploads\/2018\/03\/diario-int-25305-7-266x300.jpg 266w, https:\/\/diarioregionaldigital.com.br\/wp-content\/uploads\/2018\/03\/diario-int-25305-7-360x407.jpg 360w\" sizes=\"(max-width: 680px) 100vw, 680px\" \/>A modelo do ano 2018, Yasmin Marinho, uma das belas favoritas ao Miss Juiz de Fora 2018<\/p>\n<p style=\"text-align: center;\"><img decoding=\"async\" class=\" size-full wp-image-94343\" src=\"http:\/\/diarioregionaljf.com.br\/wp-content\/uploads\/2018\/03\/diario-int-25305-8.jpg\" alt=\"fotobb.jpg\" width=\"680\" style=\"display: block; margin-left: auto; margin-right: auto;\" srcset=\"https:\/\/diarioregionaldigital.com.br\/wp-content\/uploads\/2018\/03\/diario-int-25305-8.jpg 680w, https:\/\/diarioregionaldigital.com.br\/wp-content\/uploads\/2018\/03\/diario-int-25305-8-300x199.jpg 300w, https:\/\/diarioregionaldigital.com.br\/wp-content\/uploads\/2018\/03\/diario-int-25305-8-360x238.jpg 360w\" sizes=\"(max-width: 680px) 100vw, 680px\" \/>F\u00e1bio Almeida da Ag\u00eancia Model Minas, com os modelos Neander Souza e Eliel Ara\u00fajo, em desfile recente no Europa Pub<\/p>\n<p class=\"h4\" style=\"text-align: center;\">FOTOSS\u00cdNTESE<\/p>\n<p>Para o pr\u00f3ximo domingo, 25, a Caravana da Alegria apresenta \u00e0s 16h, no Teatro Solar, o espet\u00e1culo da Magia Produ\u00e7\u00f5es \u201cFrozen\u201d. Pre\u00e7o Promocional, R$ 10.<\/p>\n<p>Dona cegonha aprontou de novo. Colocou na chamin\u00e9 de Tatiana Toledo Ferreira e Roberto Sales o robusto beb\u00ea Murilo. J\u00e1 no telhado de Regina Ferreira e Leonardo Chillis ela deixou o lindo Arthur. Assim foi aumentado o n\u00famero de mascotes desta coluna.<\/p>\n<p>Pioneira em Juiz de Fora, a \u00d3tica Sotto Maior completou 98 anos. V\u00e1rias gera\u00e7\u00f5es administraram atravessando o tempo na empresa fundada em 1920 por Nilo Sotto Maior. Aplausos para Aristides, Luiz D\u00e9cimo, Nilo Sotto Maior Filho e Eduardo Sotto Maior.<\/p>\n<p>V\u00e1rios curiosos e fascinados por trecos e tralhas prestigiaram no Museu Ferrovi\u00e1rio, a abertura 2018 do Encontro de Colecionadores.<\/p>\n<p>Leandro Novaes saiu da reda\u00e7\u00e3o da Folha Mission\u00e1ria e foi direto para o 9\u00ba Encontro Nacional dos Jornalista das Regionais, Pastorais e Organismo da CNBB e Dioceses, em Bras\u00edlia.<\/p>\n<p>Em estilo fashion, no dia 7 de abril vai acontecer a festa de lan\u00e7amento da revista Model Minas com defile liderado pelo Cast da nova ag\u00eancia. Ser\u00e1 no Avalon com coorderna\u00e7\u00e3o de Fabio Almeida (Alface).<\/p>\n<p>Curtindo o Bar Lagoa no final de semana no Rio, as elegantes Myrliane Le\u00e3o e as irm\u00e3s Mariza Noronha Maia e Mar\u00edlia Noronha. J\u00e1, na praia de Ipanema curtindo bronzeado, os bonit\u00f5es J\u00fanio Martins e Harley Chernenk.<\/p>\n<p>De bola cheia, os professores Fabr\u00edcio Carvalho e Eliane Bettocchi estar\u00e3o \u00e0 frente da dire\u00e7\u00e3o do Instituto de Artes e Design da UFJF.<\/p>\n<p>Celio Chagas assume a presid\u00eancia da Secretaria de Desenvolvimento, com posse hoje, \u00e0s 19h30, no auditorio da Suprema.<\/p>\n<p>Um minuto de sil\u00eancio. Bom dia.<\/p>\n","protected":false},"excerpt":{"rendered":"<p>Planet\u00e1rio IA UFJF reuniu na \u00faltima sexta-feira, 16, a imprensa da cidade para a apresenta\u00e7\u00e3o oficial do Planet\u00e1rio. Al\u00e9m de ser o maior de Minas Gerais, a obra conta com recursos tecnol\u00f3gicos que auxiliar\u00e3o nas propostas de ensino, pesquisa e extens\u00e3o dos alunos da UFJF e de toda a comunidade acad\u00eamica. A atra\u00e7\u00e3o foi aberta [&hellip;]<\/p>\n","protected":false},"author":96,"featured_media":94335,"comment_status":"closed","ping_status":"closed","sticky":false,"template":"","format":"standard","meta":{"footnotes":""},"categories":[264],"tags":[],"class_list":["post-94344","post","type-post","status-publish","format-standard","has-post-thumbnail","hentry","category-eduardo-gomes"],"_links":{"self":[{"href":"https:\/\/diarioregionaldigital.com.br\/index.php?rest_route=\/wp\/v2\/posts\/94344","targetHints":{"allow":["GET"]}}],"collection":[{"href":"https:\/\/diarioregionaldigital.com.br\/index.php?rest_route=\/wp\/v2\/posts"}],"about":[{"href":"https:\/\/diarioregionaldigital.com.br\/index.php?rest_route=\/wp\/v2\/types\/post"}],"author":[{"embeddable":true,"href":"https:\/\/diarioregionaldigital.com.br\/index.php?rest_route=\/wp\/v2\/users\/96"}],"replies":[{"embeddable":true,"href":"https:\/\/diarioregionaldigital.com.br\/index.php?rest_route=%2Fwp%2Fv2%2Fcomments&post=94344"}],"version-history":[{"count":0,"href":"https:\/\/diarioregionaldigital.com.br\/index.php?rest_route=\/wp\/v2\/posts\/94344\/revisions"}],"wp:featuredmedia":[{"embeddable":true,"href":"https:\/\/diarioregionaldigital.com.br\/index.php?rest_route=\/wp\/v2\/media\/94335"}],"wp:attachment":[{"href":"https:\/\/diarioregionaldigital.com.br\/index.php?rest_route=%2Fwp%2Fv2%2Fmedia&parent=94344"}],"wp:term":[{"taxonomy":"category","embeddable":true,"href":"https:\/\/diarioregionaldigital.com.br\/index.php?rest_route=%2Fwp%2Fv2%2Fcategories&post=94344"},{"taxonomy":"post_tag","embeddable":true,"href":"https:\/\/diarioregionaldigital.com.br\/index.php?rest_route=%2Fwp%2Fv2%2Ftags&post=94344"}],"curies":[{"name":"wp","href":"https:\/\/api.w.org\/{rel}","templated":true}]}}