{"id":94334,"date":"2018-03-21T22:36:49","date_gmt":"2018-03-22T01:36:49","guid":{"rendered":"http:\/\/diarioregionaljf.com.br\/2018\/03\/21\/temer-diz-que-estados-unidos-vao-negociar-tarifas-de-aco-e-aluminio-com-brasil\/"},"modified":"2018-03-21T22:36:49","modified_gmt":"2018-03-22T01:36:49","slug":"temer-diz-que-estados-unidos-vao-negociar-tarifas-de-aco-e-aluminio-com-brasil","status":"publish","type":"post","link":"https:\/\/diarioregionaldigital.com.br\/?p=94334","title":{"rendered":"Temer diz que Estados Unidos v\u00e3o negociar tarifas de a\u00e7o e alum\u00ednio com Brasil"},"content":{"rendered":"<p>O presidente Michel Temer informou nessa quarta-feira, 21, que os Estados Unidos come\u00e7ar\u00e3o a negociar com o Brasil nova tarifa para importa\u00e7\u00e3o de a\u00e7o e alum\u00ednio. Ao falar sobre a medida, informada em nota do governo norte-americano, Temer ressaltou que a nova tarifa n\u00e3o ser\u00e1 aplicada enquanto as negocia\u00e7\u00f5es estiverem em curso.<\/p>\n<p>\u201cEstou vendo agora uma declara\u00e7\u00e3o feita pela Casa Branca [sede do governo norte-americano] que o Brasil \u00e9 um dos pa\u00edses com quem come\u00e7ar\u00e3o as negocia\u00e7\u00f5es visando \u00e0 eventual exce\u00e7\u00e3o \u00e0s tarifas sobre importa\u00e7\u00e3o de a\u00e7o e alum\u00ednio. As novas tarifas, diz a mensagem da Casa Branca, n\u00e3o se aplicar\u00e3o enquanto estivermos conversando sobre o tema. Uma boa not\u00edcia\u201d, disse o presidente, durante reuni\u00e3o do Conselho de Desenvolvimento Econ\u00f4mico e Social (CDES), conhecido como Conselh\u00e3o.<\/p>\n<p>Na ter\u00e7a-feira, 20, Temer conversou com um representante da ind\u00fastria brasileira produtora de a\u00e7o. Na conversa, o presidente foi munido de argumentos para convencer o presidente dos Estados Unidos, Donald Trump, a excluir o Brasil da nova tarifa.<br \/>A previs\u00e3o era que as tarifas fossem aplicadas a partir desta sexta-feira, 23, duas semanas depois da promulga\u00e7\u00e3o por parte de Trump. Com o an\u00fancio do governo americano, segundo informado por Temer, a aplica\u00e7\u00e3o da tarifa fica suspensa.<\/p>\n<p>Fonte: Ag\u00eancia Brasil<\/p>\n","protected":false},"excerpt":{"rendered":"<p>O presidente Michel Temer informou nessa quarta-feira, 21, que os Estados Unidos come\u00e7ar\u00e3o a negociar com o Brasil nova tarifa para importa\u00e7\u00e3o de a\u00e7o e alum\u00ednio. Ao falar sobre a medida, informada em nota do governo norte-americano, Temer ressaltou que a nova tarifa n\u00e3o ser\u00e1 aplicada enquanto as negocia\u00e7\u00f5es estiverem em curso. \u201cEstou vendo agora [&hellip;]<\/p>\n","protected":false},"author":96,"featured_media":94333,"comment_status":"closed","ping_status":"closed","sticky":false,"template":"","format":"standard","meta":{"footnotes":""},"categories":[261],"tags":[],"class_list":["post-94334","post","type-post","status-publish","format-standard","has-post-thumbnail","hentry","category-economia"],"_links":{"self":[{"href":"https:\/\/diarioregionaldigital.com.br\/index.php?rest_route=\/wp\/v2\/posts\/94334","targetHints":{"allow":["GET"]}}],"collection":[{"href":"https:\/\/diarioregionaldigital.com.br\/index.php?rest_route=\/wp\/v2\/posts"}],"about":[{"href":"https:\/\/diarioregionaldigital.com.br\/index.php?rest_route=\/wp\/v2\/types\/post"}],"author":[{"embeddable":true,"href":"https:\/\/diarioregionaldigital.com.br\/index.php?rest_route=\/wp\/v2\/users\/96"}],"replies":[{"embeddable":true,"href":"https:\/\/diarioregionaldigital.com.br\/index.php?rest_route=%2Fwp%2Fv2%2Fcomments&post=94334"}],"version-history":[{"count":0,"href":"https:\/\/diarioregionaldigital.com.br\/index.php?rest_route=\/wp\/v2\/posts\/94334\/revisions"}],"wp:featuredmedia":[{"embeddable":true,"href":"https:\/\/diarioregionaldigital.com.br\/index.php?rest_route=\/wp\/v2\/media\/94333"}],"wp:attachment":[{"href":"https:\/\/diarioregionaldigital.com.br\/index.php?rest_route=%2Fwp%2Fv2%2Fmedia&parent=94334"}],"wp:term":[{"taxonomy":"category","embeddable":true,"href":"https:\/\/diarioregionaldigital.com.br\/index.php?rest_route=%2Fwp%2Fv2%2Fcategories&post=94334"},{"taxonomy":"post_tag","embeddable":true,"href":"https:\/\/diarioregionaldigital.com.br\/index.php?rest_route=%2Fwp%2Fv2%2Ftags&post=94334"}],"curies":[{"name":"wp","href":"https:\/\/api.w.org\/{rel}","templated":true}]}}