{"id":94329,"date":"2018-03-21T22:26:09","date_gmt":"2018-03-22T01:26:09","guid":{"rendered":"http:\/\/diarioregionaljf.com.br\/2018\/03\/21\/servidores-da-educacao-e-da-seguranca-publica-protestam-no-centro-de-juiz-de-fora\/"},"modified":"2018-03-21T22:26:09","modified_gmt":"2018-03-22T01:26:09","slug":"servidores-da-educacao-e-da-seguranca-publica-protestam-no-centro-de-juiz-de-fora","status":"publish","type":"post","link":"https:\/\/diarioregionaldigital.com.br\/?p=94329","title":{"rendered":"Servidores da educa\u00e7\u00e3o e da seguran\u00e7a p\u00fablica protestam no centro de Juiz de Fora"},"content":{"rendered":"<p>Em ato unificado, servidores de diversas categorias do funcionalismo p\u00fablico estadual se reuniram na tarde dessa quarta-feira, 21, na Rua Halfeld, no Centro, para protestar contra a falta de pagamentos de sal\u00e1rios pelo estado e outras reivindica\u00e7\u00f5es. Representados pelo Sindicato \u00danico dos Trabalhadores em Educa\u00e7\u00e3o (Sind-Ute), servidores da rede estadual de ensino foram \u00e0s ruas pleiteando aplica\u00e7\u00e3o do piso salarial nacional e o cumprimento de outros acordos firmados com o governo. A categoria est\u00e1 em greve desde o dia 8 deste m\u00eas e s\u00f3 deve voltar \u00e0s atividades quando o impasse for solucionado.<\/p>\n<p>\u201cO governo precisa cumprir o que foi acordado. Em 2015 foi pactuado o pagamento do piso salarial nacional, mas, at\u00e9 agora, n\u00e3o foi executou. Estamos sem receber os retroativos de 2016, 2017 e 2018. Os reajustes concedidos em janeiro de cada ano tamb\u00e9m n\u00e3o foram pagos. Fora que o nosso pagamento, que vence no 5\u00b0 dia \u00fatil, est\u00e1 sendo pago de forma atrasada, inclusive, neste m\u00eas, ele s\u00f3 foi quitado no dia 14\u201d, afirma a coordenadora do Sindicato, Victoria Mello.<\/p>\n<p>Servidores das for\u00e7as de seguran\u00e7a estadual tamb\u00e9m marcaram presen\u00e7a no ato. A mobiliza\u00e7\u00e3o contou com integrantes do Movimento independente dos Policiais Militares (MIPM), agentes penitenci\u00e1rios e outras autoridades. O principal apontamento da categoria \u00e9 a recomposi\u00e7\u00e3o das perdas inflacion\u00e1rias no sal\u00e1rio, desde 2015. De acordo com o presidente do Sindicato dos Servidores da Pol\u00edcia Civil do Estado de Minas Gerais (Sindpol-MG), Marcelo Armstrong, a perda salarial acumulada dos servidores chega a 40%. \u201cDesde 2015 convivemos com essa situa\u00e7\u00e3o. S\u00e3o quase quatro anos de perdas e o estado permanece calado\u201d, diz.<\/p>\n<p>POSICIONAMENTO DOS \u00d3RG\u00c3OS ESTADUAIS<\/p>\n<p>Em nota, a Secretaria de Estado de Educa\u00e7\u00e3o (SEE) afirma que, na segunda-feira, 19, se reuniu com representantes do Sind-UTE\/MG para tentar uma negocia\u00e7\u00e3o sobre a greve dos trabalhadores da educa\u00e7\u00e3o estadual. A pasta tamb\u00e9m informa que no encontro surgiu \u201ca possibilidade de se estabelecer um Termo de Ajustamento de Conduta que fixe par\u00e2metros para o cumprimento dos reajustes do Piso Nacional Salarial ainda n\u00e3o pagos, referentes aos anos de 2017 e 2018\u201d. A SEE adiantou que nova reuni\u00e3o para discutir esse termo aconteceria na tarde dessa quarta-feira.<\/p>\n<p>Tamb\u00e9m por meio de nota, a Secretaria de Estado e Seguran\u00e7a P\u00fablica de Minas Gerais (SESP- MG) diz que o governo continua aberto \u00e0s negocia\u00e7\u00f5es com a categoria. A Secretaria informa ainda que \u201cem rela\u00e7\u00e3o \u00e0 ajuda de custo pleiteada pela categoria, a situa\u00e7\u00e3o econ\u00f4mica e financeira em que o Estado se encontra impede que o benef\u00edcio seja concedido neste momento. O governo seguir\u00e1 avaliando as possibilidades para atender \u00e0s solicita\u00e7\u00f5es o mais breve poss\u00edvel e prop\u00f4s que as negocia\u00e7\u00f5es sejam retomadas a partir do m\u00eas de abril, quando existe uma perspectiva de melhoria financeira\u201d, diz a nota.<\/p>\n","protected":false},"excerpt":{"rendered":"<p>Em ato unificado, servidores de diversas categorias do funcionalismo p\u00fablico estadual se reuniram na tarde dessa quarta-feira, 21, na Rua Halfeld, no Centro, para protestar contra a falta de pagamentos de sal\u00e1rios pelo estado e outras reivindica\u00e7\u00f5es. Representados pelo Sindicato \u00danico dos Trabalhadores em Educa\u00e7\u00e3o (Sind-Ute), servidores da rede estadual de ensino foram \u00e0s ruas [&hellip;]<\/p>\n","protected":false},"author":96,"featured_media":0,"comment_status":"closed","ping_status":"closed","sticky":false,"template":"","format":"standard","meta":{"footnotes":""},"categories":[253],"tags":[],"class_list":["post-94329","post","type-post","status-publish","format-standard","hentry","category-cidade"],"_links":{"self":[{"href":"https:\/\/diarioregionaldigital.com.br\/index.php?rest_route=\/wp\/v2\/posts\/94329","targetHints":{"allow":["GET"]}}],"collection":[{"href":"https:\/\/diarioregionaldigital.com.br\/index.php?rest_route=\/wp\/v2\/posts"}],"about":[{"href":"https:\/\/diarioregionaldigital.com.br\/index.php?rest_route=\/wp\/v2\/types\/post"}],"author":[{"embeddable":true,"href":"https:\/\/diarioregionaldigital.com.br\/index.php?rest_route=\/wp\/v2\/users\/96"}],"replies":[{"embeddable":true,"href":"https:\/\/diarioregionaldigital.com.br\/index.php?rest_route=%2Fwp%2Fv2%2Fcomments&post=94329"}],"version-history":[{"count":0,"href":"https:\/\/diarioregionaldigital.com.br\/index.php?rest_route=\/wp\/v2\/posts\/94329\/revisions"}],"wp:attachment":[{"href":"https:\/\/diarioregionaldigital.com.br\/index.php?rest_route=%2Fwp%2Fv2%2Fmedia&parent=94329"}],"wp:term":[{"taxonomy":"category","embeddable":true,"href":"https:\/\/diarioregionaldigital.com.br\/index.php?rest_route=%2Fwp%2Fv2%2Fcategories&post=94329"},{"taxonomy":"post_tag","embeddable":true,"href":"https:\/\/diarioregionaldigital.com.br\/index.php?rest_route=%2Fwp%2Fv2%2Ftags&post=94329"}],"curies":[{"name":"wp","href":"https:\/\/api.w.org\/{rel}","templated":true}]}}