{"id":94328,"date":"2018-03-21T22:20:07","date_gmt":"2018-03-22T01:20:07","guid":{"rendered":"http:\/\/diarioregionaljf.com.br\/2018\/03\/21\/camara-publica-edital-do-concurso-publico-nesta-madrugada\/"},"modified":"2018-03-21T22:20:07","modified_gmt":"2018-03-22T01:20:07","slug":"camara-publica-edital-do-concurso-publico-nesta-madrugada","status":"publish","type":"post","link":"https:\/\/diarioregionaldigital.com.br\/?p=94328","title":{"rendered":"C\u00e2mara publica edital do concurso p\u00fablico nesta madrugada"},"content":{"rendered":"<p>A C\u00e2mara Municipal de Juiz de Fora, lan\u00e7a a partir da 00h desta quinta-feira, 22, o edital do concurso p\u00fablico que vai oferecer 30 vagas para o quadro efetivo de pessoal da Casa, com sal\u00e1rios de R$1.526,57 a R$4.725,07.<\/p>\n<p>O an\u00fancio foi feito pelo presidente da C\u00e2mara, vereador Rodrigo Mattos (PSDB), atrav\u00e9s de uma coletiva na tarde dessa quarta-feira, 21, onde destacou os esfor\u00e7os para realiza\u00e7\u00e3o do concurso e os desafios para o lan\u00e7amento do edital devido a quest\u00f5es burocr\u00e1ticas.<\/p>\n<p>Mattos destacou que \u201co concurso ser\u00e1 o maior j\u00e1 realizado pelo Legislativo da cidade e tem como objetivo equilibrar o n\u00famero de servidores de carreira em rela\u00e7\u00e3o ao quadro de comissionados\u201d.<\/p>\n<p>O edital, que possui 70 p\u00e1ginas, estar\u00e1 dispon\u00edvel <a href=\"http:\/\/www.camarajf.mg.gov.br\/\">no site da C\u00e2mara Municipa<\/a>l para que os interessados possam acessar todo o seu conte\u00fado, cronogramas, prazos finais, etapas, detalhes das vagas, dentre as demais informa\u00e7\u00f5es necess\u00e1rias.<\/p>\n<p>Das vagas ofertadas pelo edital, 13 vagas ser\u00e3o para assistente legislativo; tr\u00eas para t\u00e9cnico em inform\u00e1tica; um para t\u00e9cnico em seguran\u00e7a do trabalho; um para administra\u00e7\u00e3o e gest\u00e3o de recursos humanos; um para analista de ci\u00eancias pol\u00edticas e sociais; um para analista de educa\u00e7\u00e3o e cultura; um para analista de meio ambiente; um para analista de pol\u00edtica urbana; um para analista de sa\u00fade p\u00fablica; um para psic\u00f3logo, dois para redator e revisor e quatro vagas para jornalista.<\/p>\n<p>As provas objetivas e discursivas est\u00e3o previstas para ocorrerem no dia 22 de julho deste ano. Os candidatos para vagas de jornalista ter\u00e3o uma prova extra, espec\u00edfica para as vagas, com data ainda a ser divulgada.<\/p>\n<p>Outro ponto destacado pelo presidente da Casa foi o de que as provas ser\u00e3o realizadas em turnos diferentes, um espec\u00edfico para vagas de n\u00edvel m\u00e9dio e outro para vagas de n\u00edvel superior. Assim, os candidatos de n\u00edvel superior que tamb\u00e9m quiserem tentar vagas de n\u00edvel m\u00e9dio poder\u00e3o fazer as provas.<\/p>\n<p>O resultado final do concurso tem previs\u00e3o para ser divulgado em outubro e a expectativa \u00e9 de que os candidatos aprovados sejam convocados para os cargos ainda em 2018.<\/p>\n<h4>INSCRI\u00c7\u00d5ES<\/h4>\n<p>As inscri\u00e7\u00f5es para o concurso estar\u00e3o abertas entre os dias 21 de maio a 22 junho de 2018 e ser\u00e3o realizadas atrav\u00e9s do site da empresa vencedora do edital para realiza\u00e7\u00e3o do mesmo, no caso, a Consulpam \u2013 Consultoria P\u00fablico \u2013 Privada, institui\u00e7\u00e3o de Fortaleza-CE, que j\u00e1 organizou 36 concursos no pa\u00eds. <a href=\"http:\/\/www.consulpam.com.br\/\">Acesse o link.<\/a><\/p>\n<p>Mattos tamb\u00e9m anunciou que \u201cas pessoas que tiverem interesse em se inscrever no concurso, entretanto, tenham alguma dificuldade para realizar o processo, poder\u00e3o contar com o apoio de um terminal que ser\u00e1 instalado no sagu\u00e3o da C\u00e2mara Municipal, exclusivo para auxiliar os interessados a se inscreverem\u201d.<\/p>\n<h4>VALORES<\/h4>\n<p>As taxas de inscri\u00e7\u00e3o ter\u00e3o o valor de R$11,50 para os cargos de n\u00edvel m\u00e9dio e t\u00e9cnico e R$16,30 para o n\u00edvel superior.<\/p>\n<p>Os candidatos, com menor poder aquisitivo, que desejarem solicitar isen\u00e7\u00e3o na taxa de inscri\u00e7\u00e3o, poder\u00e3o realizar o pedido nos dias 21 e 22 de maio, tamb\u00e9m atrav\u00e9s do site da Consulpam. Primeiro faz-se o pedido e em outra data dever\u00e3o ser encaminhados os documentos comprobat\u00f3rios para alcan\u00e7ar a isen\u00e7\u00e3o.<\/p>\n<h4>LOCAIS DAS PROVAS<\/h4>\n<p>Os locais para realiza\u00e7\u00e3o das provas ainda n\u00e3o foi definido, entretanto, o vereador explicou que a C\u00e2mara poder\u00e1 solicitar espa\u00e7os das escolas municipais, estaduais, al\u00e9m de buscarem parcerias com a Universidade Federal de Juiz de Fora (UFJF) e outras faculdades para realiza\u00e7\u00e3o das provas. \u201cIsso n\u00e3o ser\u00e1 um entrave para n\u00f3s, levando em conta a boa rela\u00e7\u00e3o e as parcerias que temos com essas institui\u00e7\u00f5es na cidade. O nosso objetivo ser\u00e1 encontrar espa\u00e7os mais confort\u00e1veis e de acesso mais f\u00e1cil para os candidatos\u201d, ressaltou.<\/p>\n<h4>VALIDADE DO CONCURSO<\/h4>\n<p>O concurso tem validade de quatro anos, assim, caso candidatos aprovados saiam de sua vaga, o segundo colocado ser\u00e1 convocado, desde que dentro do prazo.<\/p>\n<p>Mattos acredita que a procura pelo concurso dever\u00e1 ser alta, levando-se em considera\u00e7\u00e3o o atual momento econ\u00f4mico do pa\u00eds e as baixas taxas de inscri\u00e7\u00e3o. \u201c\u00c9 importante a chegada dos novos profissionais a fim de que possam dar equil\u00edbrio e refor\u00e7ar a assessoria para as comiss\u00f5es t\u00e9cnicas da C\u00e2mara municipal, finalizou.<\/p>\n<p>O contrato estipulado com a Consulpam tem o valor aproximado de R$80 mil. No caso de a quantia arrecadada com as inscri\u00e7\u00f5es supere este valor, o excedente ser\u00e1 destinado no final do ano para os cofres p\u00fablicos de Juiz de Fora. A empresa s\u00f3 ter\u00e1 direito ao valor pr\u00e9-estipulado em contrato.<\/p>\n","protected":false},"excerpt":{"rendered":"<p>A C\u00e2mara Municipal de Juiz de Fora, lan\u00e7a a partir da 00h desta quinta-feira, 22, o edital do concurso p\u00fablico que vai oferecer 30 vagas para o quadro efetivo de pessoal da Casa, com sal\u00e1rios de R$1.526,57 a R$4.725,07. O an\u00fancio foi feito pelo presidente da C\u00e2mara, vereador Rodrigo Mattos (PSDB), atrav\u00e9s de uma coletiva [&hellip;]<\/p>\n","protected":false},"author":96,"featured_media":94327,"comment_status":"closed","ping_status":"closed","sticky":false,"template":"","format":"standard","meta":{"footnotes":""},"categories":[254],"tags":[],"class_list":["post-94328","post","type-post","status-publish","format-standard","has-post-thumbnail","hentry","category-politica"],"_links":{"self":[{"href":"https:\/\/diarioregionaldigital.com.br\/index.php?rest_route=\/wp\/v2\/posts\/94328","targetHints":{"allow":["GET"]}}],"collection":[{"href":"https:\/\/diarioregionaldigital.com.br\/index.php?rest_route=\/wp\/v2\/posts"}],"about":[{"href":"https:\/\/diarioregionaldigital.com.br\/index.php?rest_route=\/wp\/v2\/types\/post"}],"author":[{"embeddable":true,"href":"https:\/\/diarioregionaldigital.com.br\/index.php?rest_route=\/wp\/v2\/users\/96"}],"replies":[{"embeddable":true,"href":"https:\/\/diarioregionaldigital.com.br\/index.php?rest_route=%2Fwp%2Fv2%2Fcomments&post=94328"}],"version-history":[{"count":0,"href":"https:\/\/diarioregionaldigital.com.br\/index.php?rest_route=\/wp\/v2\/posts\/94328\/revisions"}],"wp:featuredmedia":[{"embeddable":true,"href":"https:\/\/diarioregionaldigital.com.br\/index.php?rest_route=\/wp\/v2\/media\/94327"}],"wp:attachment":[{"href":"https:\/\/diarioregionaldigital.com.br\/index.php?rest_route=%2Fwp%2Fv2%2Fmedia&parent=94328"}],"wp:term":[{"taxonomy":"category","embeddable":true,"href":"https:\/\/diarioregionaldigital.com.br\/index.php?rest_route=%2Fwp%2Fv2%2Fcategories&post=94328"},{"taxonomy":"post_tag","embeddable":true,"href":"https:\/\/diarioregionaldigital.com.br\/index.php?rest_route=%2Fwp%2Fv2%2Ftags&post=94328"}],"curies":[{"name":"wp","href":"https:\/\/api.w.org\/{rel}","templated":true}]}}