{"id":94326,"date":"2018-03-21T22:18:33","date_gmt":"2018-03-22T01:18:33","guid":{"rendered":"http:\/\/diarioregionaljf.com.br\/2018\/03\/21\/fgv-diz-que-economia-brasileira-cresce-0-9-no-trimestre-finalizado-em-janeiro\/"},"modified":"2018-03-21T22:18:33","modified_gmt":"2018-03-22T01:18:33","slug":"fgv-diz-que-economia-brasileira-cresce-0-9-no-trimestre-finalizado-em-janeiro","status":"publish","type":"post","link":"https:\/\/diarioregionaldigital.com.br\/?p=94326","title":{"rendered":"FGV diz que economia brasileira cresce 0,9% no trimestre finalizado em janeiro"},"content":{"rendered":"<p>A economia brasileira teve um crescimento de 0,9% no trimestre finalizado em janeiro deste ano, na compara\u00e7\u00e3o com o trimestre anterior (encerrado em outubro de 2017).<\/p>\n<p>A estimativa \u00e9 do Monitor do PIB (Produto Interno Bruto, a soma de todas as riquezas produzidas no pa\u00eds), da Funda\u00e7\u00e3o Getulio Vargas (FGV), que busca antecipar o desempenho do PIB, divulgado trimestralmente pelo Instituto Brasileiro de Geografia e Estat\u00edstica (IBGE).<\/p>\n<p>Na compara\u00e7\u00e3o com o trimestre encerrado em janeiro de 2017, o PIB avan\u00e7ou 2,2%, segundo a FGV. O destaque foi o crescimento das atividades de agropecu\u00e1ria (8,2%), transforma\u00e7\u00e3o (6,1%), com\u00e9rcio (4,6%) e transporte (2,9%). O crescimento da agropecu\u00e1ria foi influenciado pela alta de 26% da pecu\u00e1ria. A agricultura, por sua vez, teve queda de 1,9%.<\/p>\n<p>Ainda na compara\u00e7\u00e3o com o trimestre encerrado em janeiro de 2017, pela \u00f3tica da demanda, o consumo das fam\u00edlias aumentou 2,7% e a forma\u00e7\u00e3o bruta de capital fixo (investimentos) avan\u00e7ou 4,4%. A taxa de investimento sobre o PIB ficou em 17,7%.<\/p>\n<p>No com\u00e9rcio externo, as exporta\u00e7\u00f5es cresceram 1,9%, mas as importa\u00e7\u00f5es tiveram uma alta ainda maior (7,6%).<\/p>\n<p>No acumulado de 12 meses, o PIB teve alta de 1,2%. Considerando-se apenas janeiro deste ano, houve uma queda de 0,3% na compara\u00e7\u00e3o com dezembro de 2017.<\/p>\n<p>Fonte: Ag\u00eancia Brasil<\/p>\n","protected":false},"excerpt":{"rendered":"<p>A economia brasileira teve um crescimento de 0,9% no trimestre finalizado em janeiro deste ano, na compara\u00e7\u00e3o com o trimestre anterior (encerrado em outubro de 2017). A estimativa \u00e9 do Monitor do PIB (Produto Interno Bruto, a soma de todas as riquezas produzidas no pa\u00eds), da Funda\u00e7\u00e3o Getulio Vargas (FGV), que busca antecipar o desempenho [&hellip;]<\/p>\n","protected":false},"author":96,"featured_media":94325,"comment_status":"closed","ping_status":"closed","sticky":false,"template":"","format":"standard","meta":{"footnotes":""},"categories":[261],"tags":[],"class_list":["post-94326","post","type-post","status-publish","format-standard","has-post-thumbnail","hentry","category-economia"],"_links":{"self":[{"href":"https:\/\/diarioregionaldigital.com.br\/index.php?rest_route=\/wp\/v2\/posts\/94326","targetHints":{"allow":["GET"]}}],"collection":[{"href":"https:\/\/diarioregionaldigital.com.br\/index.php?rest_route=\/wp\/v2\/posts"}],"about":[{"href":"https:\/\/diarioregionaldigital.com.br\/index.php?rest_route=\/wp\/v2\/types\/post"}],"author":[{"embeddable":true,"href":"https:\/\/diarioregionaldigital.com.br\/index.php?rest_route=\/wp\/v2\/users\/96"}],"replies":[{"embeddable":true,"href":"https:\/\/diarioregionaldigital.com.br\/index.php?rest_route=%2Fwp%2Fv2%2Fcomments&post=94326"}],"version-history":[{"count":0,"href":"https:\/\/diarioregionaldigital.com.br\/index.php?rest_route=\/wp\/v2\/posts\/94326\/revisions"}],"wp:featuredmedia":[{"embeddable":true,"href":"https:\/\/diarioregionaldigital.com.br\/index.php?rest_route=\/wp\/v2\/media\/94325"}],"wp:attachment":[{"href":"https:\/\/diarioregionaldigital.com.br\/index.php?rest_route=%2Fwp%2Fv2%2Fmedia&parent=94326"}],"wp:term":[{"taxonomy":"category","embeddable":true,"href":"https:\/\/diarioregionaldigital.com.br\/index.php?rest_route=%2Fwp%2Fv2%2Fcategories&post=94326"},{"taxonomy":"post_tag","embeddable":true,"href":"https:\/\/diarioregionaldigital.com.br\/index.php?rest_route=%2Fwp%2Fv2%2Ftags&post=94326"}],"curies":[{"name":"wp","href":"https:\/\/api.w.org\/{rel}","templated":true}]}}