{"id":94324,"date":"2018-03-21T21:56:48","date_gmt":"2018-03-22T00:56:48","guid":{"rendered":"http:\/\/diarioregionaljf.com.br\/2018\/03\/21\/pcmg-apura-mais-um-caso-de-acidente-de-transito-com-vitima-em-juiz-de-fora\/"},"modified":"2018-03-21T21:56:48","modified_gmt":"2018-03-22T00:56:48","slug":"pcmg-apura-mais-um-caso-de-acidente-de-transito-com-vitima-em-juiz-de-fora","status":"publish","type":"post","link":"https:\/\/diarioregionaldigital.com.br\/?p=94324","title":{"rendered":"PCMG apura mais um caso de acidente de tr\u00e2nsito com v\u00edtima em Juiz de Fora"},"content":{"rendered":"<p>Nesta quarta-feira, 21, a Pol\u00edcia Civil de Minas Gerais divulgou informa\u00e7\u00f5es, em Juiz de Fora, sobre a investiga\u00e7\u00e3o envolvendo um acidente de tr\u00e2nsito que causou a morte de um enfermeiro de 43 anos, no Bairro Quinta das Avenidas, no dia 4 de mar\u00e7o. A v\u00edtima, que pilotava uma motocicleta, foi atingida por um carro que vinha na contram\u00e3o. Na ocasi\u00e3o, o motorista do ve\u00edculo, de 40 anos, fugiu do local do acidente, mas foi preso, posteriormente, e encaminhado \u00e0 1\u00aa Delegacia Regional de Juiz de Fora.<\/p>\n<p>Conforme a Delegada Carolina Gon\u00e7alves, respons\u00e1vel pela investiga\u00e7\u00e3o na 4\u00aa Delegacia de Pol\u00edcia Civil,&nbsp; o suspeito ser\u00e1 indiciado por homic\u00eddio culposo na dire\u00e7\u00e3o de ve\u00edculo automotor, conforme disposto no artigo 302, par\u00e1grafo primeiro, inciso III, da Lei 9503\/97. \u201cCom pena aumentada por ter evadido do local\u201d, enfatizou.<\/p>\n<p>Segundo a autoridade policial, a principal testemunha ouvida, que chegou a prestar socorro ao motociclista, contou que o motorista do carro teria ultrapassado em uma curva fechada. &#8220;Desse modo, entendi que ele agiu com culpa consciente ao fazer a ultrapassagem&#8221;, concluiu.<\/p>\n<p>Ainda conforme a Delegada, o inqu\u00e9rito policial j\u00e1 foi relatado e enviado \u00e0 Justi\u00e7a nessa quarta-feira, 21.<\/p>\n","protected":false},"excerpt":{"rendered":"<p>Nesta quarta-feira, 21, a Pol\u00edcia Civil de Minas Gerais divulgou informa\u00e7\u00f5es, em Juiz de Fora, sobre a investiga\u00e7\u00e3o envolvendo um acidente de tr\u00e2nsito que causou a morte de um enfermeiro de 43 anos, no Bairro Quinta das Avenidas, no dia 4 de mar\u00e7o. A v\u00edtima, que pilotava uma motocicleta, foi atingida por um carro que [&hellip;]<\/p>\n","protected":false},"author":96,"featured_media":94323,"comment_status":"closed","ping_status":"closed","sticky":false,"template":"","format":"standard","meta":{"footnotes":""},"categories":[253],"tags":[],"class_list":["post-94324","post","type-post","status-publish","format-standard","has-post-thumbnail","hentry","category-cidade"],"_links":{"self":[{"href":"https:\/\/diarioregionaldigital.com.br\/index.php?rest_route=\/wp\/v2\/posts\/94324","targetHints":{"allow":["GET"]}}],"collection":[{"href":"https:\/\/diarioregionaldigital.com.br\/index.php?rest_route=\/wp\/v2\/posts"}],"about":[{"href":"https:\/\/diarioregionaldigital.com.br\/index.php?rest_route=\/wp\/v2\/types\/post"}],"author":[{"embeddable":true,"href":"https:\/\/diarioregionaldigital.com.br\/index.php?rest_route=\/wp\/v2\/users\/96"}],"replies":[{"embeddable":true,"href":"https:\/\/diarioregionaldigital.com.br\/index.php?rest_route=%2Fwp%2Fv2%2Fcomments&post=94324"}],"version-history":[{"count":0,"href":"https:\/\/diarioregionaldigital.com.br\/index.php?rest_route=\/wp\/v2\/posts\/94324\/revisions"}],"wp:featuredmedia":[{"embeddable":true,"href":"https:\/\/diarioregionaldigital.com.br\/index.php?rest_route=\/wp\/v2\/media\/94323"}],"wp:attachment":[{"href":"https:\/\/diarioregionaldigital.com.br\/index.php?rest_route=%2Fwp%2Fv2%2Fmedia&parent=94324"}],"wp:term":[{"taxonomy":"category","embeddable":true,"href":"https:\/\/diarioregionaldigital.com.br\/index.php?rest_route=%2Fwp%2Fv2%2Fcategories&post=94324"},{"taxonomy":"post_tag","embeddable":true,"href":"https:\/\/diarioregionaldigital.com.br\/index.php?rest_route=%2Fwp%2Fv2%2Ftags&post=94324"}],"curies":[{"name":"wp","href":"https:\/\/api.w.org\/{rel}","templated":true}]}}