{"id":94322,"date":"2018-03-21T21:48:08","date_gmt":"2018-03-22T00:48:08","guid":{"rendered":"http:\/\/diarioregionaljf.com.br\/2018\/03\/21\/secretaria-de-saude-divulga-programacao-dos-carros-fumace-3\/"},"modified":"2018-03-21T21:48:08","modified_gmt":"2018-03-22T00:48:08","slug":"secretaria-de-saude-divulga-programacao-dos-carros-fumace-3","status":"publish","type":"post","link":"https:\/\/diarioregionaldigital.com.br\/?p=94322","title":{"rendered":"Secretaria de Sa\u00fade divulga programa\u00e7\u00e3o dos carros fumac\u00ea"},"content":{"rendered":"<p>A Secretaria de Sa\u00fade (SS), em parceria com a Superintend\u00eancia Regional de Sa\u00fade (SRS), est\u00e1 realizando, desde o \u00faltimo dia 17, at\u00e9 s\u00e1bado, 24, a aplica\u00e7\u00e3o de inseticidas para o combate ao Aedes aegypti em 23 bairros com casos suspeitos de febre amarela em primatas. A programa\u00e7\u00e3o ocorre no per\u00edodo da manh\u00e3, a partir das 5h, e \u00e0 tarde, a partir das 15h. Caso haja vento forte ou chuva no hor\u00e1rio, a aplica\u00e7\u00e3o ser\u00e1 suspensa, para evitar a inefic\u00e1cia do trabalho.<\/p>\n<p>A popula\u00e7\u00e3o deve seguir algumas orienta\u00e7\u00f5es durante a passagem dos ve\u00edculos e agentes de endemias: se poss\u00edvel, manter as janelas e portas abertas, abrigar os animais de estima\u00e7\u00e3o, crian\u00e7as e idosos no interior das resid\u00eancias ou em outro local seguro, e tampar os alimentos, para que n\u00e3o sejam atingidos pelo inseticida.<\/p>\n<p>Al\u00e9m da aplica\u00e7\u00e3o com os ve\u00edculos, s\u00e3o realizadas a\u00e7\u00f5es com as bombas costais, utilizadas para a aplica\u00e7\u00e3o do inseticida em locais de dif\u00edcil acesso. As a\u00e7\u00f5es fazem parte dos trabalhos de enfrentamento da febre amarela, dengue, Zika e chikungunya na cidade, que incluem, ainda, intensifica\u00e7\u00e3o das a\u00e7\u00f5es para amplia\u00e7\u00e3o da cobertura vacinal e trabalhos de combate vetorial.<\/p>\n<h4>CONFIRA AS ROTAS:<\/h4>\n<p><img loading=\"lazy\" decoding=\"async\" class=\" size-full wp-image-94320\" src=\"http:\/\/diarioregionaljf.com.br\/wp-content\/uploads\/2018\/03\/diario-int-25297-1.bmp\" alt=\"rotaum.bmp\" width=\"846\" height=\"396\" \/><\/p>\n<p>&nbsp;<\/p>\n<p><img loading=\"lazy\" decoding=\"async\" class=\" size-full wp-image-94321\" src=\"http:\/\/diarioregionaljf.com.br\/wp-content\/uploads\/2018\/03\/diario-int-25297-2.bmp\" alt=\"rotadois.bmp\" width=\"913\" height=\"374\" \/><\/p>\n","protected":false},"excerpt":{"rendered":"<p>A Secretaria de Sa\u00fade (SS), em parceria com a Superintend\u00eancia Regional de Sa\u00fade (SRS), est\u00e1 realizando, desde o \u00faltimo dia 17, at\u00e9 s\u00e1bado, 24, a aplica\u00e7\u00e3o de inseticidas para o combate ao Aedes aegypti em 23 bairros com casos suspeitos de febre amarela em primatas. A programa\u00e7\u00e3o ocorre no per\u00edodo da manh\u00e3, a partir das [&hellip;]<\/p>\n","protected":false},"author":96,"featured_media":94319,"comment_status":"closed","ping_status":"closed","sticky":false,"template":"","format":"standard","meta":{"footnotes":""},"categories":[253],"tags":[],"class_list":["post-94322","post","type-post","status-publish","format-standard","has-post-thumbnail","hentry","category-cidade"],"_links":{"self":[{"href":"https:\/\/diarioregionaldigital.com.br\/index.php?rest_route=\/wp\/v2\/posts\/94322","targetHints":{"allow":["GET"]}}],"collection":[{"href":"https:\/\/diarioregionaldigital.com.br\/index.php?rest_route=\/wp\/v2\/posts"}],"about":[{"href":"https:\/\/diarioregionaldigital.com.br\/index.php?rest_route=\/wp\/v2\/types\/post"}],"author":[{"embeddable":true,"href":"https:\/\/diarioregionaldigital.com.br\/index.php?rest_route=\/wp\/v2\/users\/96"}],"replies":[{"embeddable":true,"href":"https:\/\/diarioregionaldigital.com.br\/index.php?rest_route=%2Fwp%2Fv2%2Fcomments&post=94322"}],"version-history":[{"count":0,"href":"https:\/\/diarioregionaldigital.com.br\/index.php?rest_route=\/wp\/v2\/posts\/94322\/revisions"}],"wp:featuredmedia":[{"embeddable":true,"href":"https:\/\/diarioregionaldigital.com.br\/index.php?rest_route=\/wp\/v2\/media\/94319"}],"wp:attachment":[{"href":"https:\/\/diarioregionaldigital.com.br\/index.php?rest_route=%2Fwp%2Fv2%2Fmedia&parent=94322"}],"wp:term":[{"taxonomy":"category","embeddable":true,"href":"https:\/\/diarioregionaldigital.com.br\/index.php?rest_route=%2Fwp%2Fv2%2Fcategories&post=94322"},{"taxonomy":"post_tag","embeddable":true,"href":"https:\/\/diarioregionaldigital.com.br\/index.php?rest_route=%2Fwp%2Fv2%2Ftags&post=94322"}],"curies":[{"name":"wp","href":"https:\/\/api.w.org\/{rel}","templated":true}]}}