{"id":94318,"date":"2018-03-21T19:33:57","date_gmt":"2018-03-21T22:33:57","guid":{"rendered":"http:\/\/diarioregionaljf.com.br\/2018\/03\/21\/carmen-lucia-marca-para-amanha-julgamento-de-habeas-corpus-de-lula\/"},"modified":"2018-03-21T19:33:57","modified_gmt":"2018-03-21T22:33:57","slug":"carmen-lucia-marca-para-amanha-julgamento-de-habeas-corpus-de-lula","status":"publish","type":"post","link":"https:\/\/diarioregionaldigital.com.br\/?p=94318","title":{"rendered":"C\u00e1rmen L\u00facia marca para amanh\u00e3 julgamento de habeas corpus de Lula"},"content":{"rendered":"<p>A presidente do Supremo Tribunal Federal (STF), ministra C\u00e1rmen L\u00facia, marcou para esta quinta-feira, 22, o julgamento do habeas corpus preventivo do ex-presidente Luiz In\u00e1cio Lula da Silva, com o qual ele pretende impedir sua pris\u00e3o ap\u00f3s condena\u00e7\u00e3o em segunda inst\u00e2ncia.<\/p>\n<p>O an\u00fancio do julgamento foi feito por C\u00e1rmen L\u00facia logo ap\u00f3s a abertura da sess\u00e3o plen\u00e1ria dessa quarta-feira, 21, segundo ela \u201cpela urg\u00eancia\u201d do pedido de liberdade.<\/p>\n<p>Logo depois do an\u00fancio, o ministro Marco Aur\u00e9lio Mello pediu que fossem julgadas as duas a\u00e7\u00f5es diretas de constitucionalidade (ADCs) de sua relatoria que tratam sobre a possibilidade de pessoas condenadas em segunda inst\u00e2ncia pela Justi\u00e7a, como \u00e9 o caso de Lula, come\u00e7arem de imediato a cumprir suas penas.<\/p>\n<p>Diante da marca\u00e7\u00e3o do julgamento do habeas corpus de Lula para esta quinta-feira, Marco Aur\u00e9lio disse que n\u00e3o chamaria, como pretendia fazer nesta quarta, uma quest\u00e3o de ordem para solicitar o julgamento das ADCs. Ele reiterou, no entanto, considerar que o mais adequado \u00e9 que tais a\u00e7\u00f5es sejam julgadas o mais r\u00e1pido poss\u00edvel.<\/p>\n<p>\u201cFica o apelo que fa\u00e7o como relator para que liquidemos e afastemos esse impasse que s\u00f3 gera inseguran\u00e7a jur\u00eddica\u201d, disse ele, referindo-se \u00e0s decis\u00f5es conflitantes de ministros da corte sobre o assunto.<\/p>\n<h4>&nbsp;<\/h4>\n<h4>TRF4 TAMB\u00c9M MARCA JULGAMENTO<\/h4>\n<p>O Tribunal Regional Federal da 4\u00aa Regi\u00e3o (TRF4) marcou para a pr\u00f3xima segunda-feira, 26, o julgamento do embargo de declara\u00e7\u00e3o da defesa do ex-presidente Luiz In\u00e1cio Lula da Silva contra sua condena\u00e7\u00e3o a 12 anos e um m\u00eas de pris\u00e3o por corrup\u00e7\u00e3o e lavagem de dinheiro no caso do triplex do Guaruj\u00e1 (SP).<\/p>\n<p>A data foi divulgada no andamento processual na internet. O tribunal n\u00e3o divulgou se haver\u00e1 esquema especial de seguran\u00e7a, mas confirmou que a sess\u00e3o n\u00e3o ser\u00e1 transmitida ao vivo. O julgamento dever\u00e1 ser r\u00e1pido, pois n\u00e3o est\u00e1 prevista sustenta\u00e7\u00e3o oral de defesa ou acusa\u00e7\u00e3o, segundo a assessoria do TRF4.<\/p>\n<p>O embargo de declara\u00e7\u00e3o \u00e9 um tipo de recurso que n\u00e3o tem previs\u00e3o de modificar uma decis\u00e3o, mas somente esclarecer obscuridades ou ambiguidades do texto do ac\u00f3rd\u00e3o, que \u00e9 a senten\u00e7a proferida por um \u00f3rg\u00e3o colegiado, como \u00e9 o caso do TRF4.<\/p>\n<p>Em tese, trata-se do \u00faltimo recurso dispon\u00edvel a Lula na segunda inst\u00e2ncia da Justi\u00e7a Federal. Confirmada a condena\u00e7\u00e3o, o ex-presidente pode ter sua pris\u00e3o determinada pelo juiz S\u00e9rgio Moro, da 13\u00aa Vara Federal de Curitiba.<\/p>\n<p>Em janeiro, o tr\u00eas desembargadores que comp\u00f5em a 8\u00aa Turma do TRF4 &#8211; Jo\u00e3o Gebran Neto, Leandro Paulsen, Victor Laus &#8211; confirmaram a condena\u00e7\u00e3o que havia sido imposta por Moro contra Lula e ainda aumentaram a pena de nove anos e seis meses para 12 anos e um m\u00eas de pris\u00e3o em regime inicialmente fechado.<\/p>\n<p>&nbsp;<\/p>\n<h4>EXECU\u00c7\u00c3O PROVIS\u00d3RIA<\/h4>\n<p>\u00c9 poss\u00edvel que a defesa de Lula tente novos embargos no TRF4, adiando o encerramento do caso na segunda inst\u00e2ncia, mas a tend\u00eancia \u00e9 que os desembargadores julguem esse tipo de recurso sucessivo como sendo meramente protelat\u00f3rio, negando-o rapidamente.<\/p>\n<p>Segundo a assessoria do TRF4, em caso de confirmada mais uma vez a condena\u00e7\u00e3o, basta \u00e0 ata da sess\u00e3o, geralmente publicada no mesmo dia do julgamento, para que Moro possa decretar a pris\u00e3o de Lula. O mais comum, por\u00e9m, \u00e9 que o juiz de primeira inst\u00e2ncia aguarde a publica\u00e7\u00e3o do ac\u00f3rd\u00e3o do julgamento do embargo, cujo prazo para publica\u00e7\u00e3o \u00e9 de 10 dias.<\/p>\n<p>Fonte: Ag\u00eancia Brasil<\/p>\n","protected":false},"excerpt":{"rendered":"<p>A presidente do Supremo Tribunal Federal (STF), ministra C\u00e1rmen L\u00facia, marcou para esta quinta-feira, 22, o julgamento do habeas corpus preventivo do ex-presidente Luiz In\u00e1cio Lula da Silva, com o qual ele pretende impedir sua pris\u00e3o ap\u00f3s condena\u00e7\u00e3o em segunda inst\u00e2ncia. O an\u00fancio do julgamento foi feito por C\u00e1rmen L\u00facia logo ap\u00f3s a abertura da [&hellip;]<\/p>\n","protected":false},"author":96,"featured_media":94317,"comment_status":"closed","ping_status":"closed","sticky":false,"template":"","format":"standard","meta":{"footnotes":""},"categories":[254],"tags":[],"class_list":["post-94318","post","type-post","status-publish","format-standard","has-post-thumbnail","hentry","category-politica"],"_links":{"self":[{"href":"https:\/\/diarioregionaldigital.com.br\/index.php?rest_route=\/wp\/v2\/posts\/94318","targetHints":{"allow":["GET"]}}],"collection":[{"href":"https:\/\/diarioregionaldigital.com.br\/index.php?rest_route=\/wp\/v2\/posts"}],"about":[{"href":"https:\/\/diarioregionaldigital.com.br\/index.php?rest_route=\/wp\/v2\/types\/post"}],"author":[{"embeddable":true,"href":"https:\/\/diarioregionaldigital.com.br\/index.php?rest_route=\/wp\/v2\/users\/96"}],"replies":[{"embeddable":true,"href":"https:\/\/diarioregionaldigital.com.br\/index.php?rest_route=%2Fwp%2Fv2%2Fcomments&post=94318"}],"version-history":[{"count":0,"href":"https:\/\/diarioregionaldigital.com.br\/index.php?rest_route=\/wp\/v2\/posts\/94318\/revisions"}],"wp:featuredmedia":[{"embeddable":true,"href":"https:\/\/diarioregionaldigital.com.br\/index.php?rest_route=\/wp\/v2\/media\/94317"}],"wp:attachment":[{"href":"https:\/\/diarioregionaldigital.com.br\/index.php?rest_route=%2Fwp%2Fv2%2Fmedia&parent=94318"}],"wp:term":[{"taxonomy":"category","embeddable":true,"href":"https:\/\/diarioregionaldigital.com.br\/index.php?rest_route=%2Fwp%2Fv2%2Fcategories&post=94318"},{"taxonomy":"post_tag","embeddable":true,"href":"https:\/\/diarioregionaldigital.com.br\/index.php?rest_route=%2Fwp%2Fv2%2Ftags&post=94318"}],"curies":[{"name":"wp","href":"https:\/\/api.w.org\/{rel}","templated":true}]}}