{"id":94314,"date":"2018-03-21T19:05:26","date_gmt":"2018-03-21T22:05:26","guid":{"rendered":"http:\/\/diarioregionaljf.com.br\/2018\/03\/21\/policia-civil-apreende-foragido-da-justica-e-uma-replica-de-fuzil\/"},"modified":"2018-03-21T19:05:26","modified_gmt":"2018-03-21T22:05:26","slug":"policia-civil-apreende-foragido-da-justica-e-uma-replica-de-fuzil","status":"publish","type":"post","link":"https:\/\/diarioregionaldigital.com.br\/?p=94314","title":{"rendered":"Pol\u00edcia Civil apreende foragido da Justi\u00e7a e uma r\u00e9plica de fuzil"},"content":{"rendered":"<p>A Pol\u00edcia Civil de Minas Gerais cumpriu nessa ter\u00e7a-feira, 20, no bairro Jo\u00e3o Braz, em Vi\u00e7osa, um mandado de pris\u00e3o em desfavor de um jovem de 22 anos, foragido da Justi\u00e7a.<\/p>\n<p>Em continuidade \u00e0s dilig\u00eancias, ao receber den\u00fancias de que outro foragido estaria em um s\u00edtio na localidade denominada S\u00e3o Ven\u00e2ncio, na cidade de Coimbra, a equipe de policiais civis foi ao local e conseguiu encontrar uma r\u00e9plica id\u00eantica de um fuzil. Ap\u00f3s per\u00edcia t\u00e9cnica, constatou-se ser uma arma de \u201cAirsoft\u201d.<\/p>\n<p>Investiga\u00e7\u00f5es apontam que a r\u00e9plica pode ter sido usada para cometimento de crimes de furtos e roubos e, at\u00e9 mesmo, para amea\u00e7ar e intimidar a fac\u00e7\u00e3o rival em redes sociais. Durante a a\u00e7\u00e3o, foi solicitado ao caseiro do s\u00edtio que comparecesse \u00e0 Delegacia para prestar esclarecimentos e, posteriormente, ele foi liberado.<\/p>\n<p>As dilig\u00eancias continuam.<\/p>\n<p>Fonte: Assessoria<\/p>\n","protected":false},"excerpt":{"rendered":"<p>A Pol\u00edcia Civil de Minas Gerais cumpriu nessa ter\u00e7a-feira, 20, no bairro Jo\u00e3o Braz, em Vi\u00e7osa, um mandado de pris\u00e3o em desfavor de um jovem de 22 anos, foragido da Justi\u00e7a. Em continuidade \u00e0s dilig\u00eancias, ao receber den\u00fancias de que outro foragido estaria em um s\u00edtio na localidade denominada S\u00e3o Ven\u00e2ncio, na cidade de Coimbra, [&hellip;]<\/p>\n","protected":false},"author":96,"featured_media":94313,"comment_status":"closed","ping_status":"closed","sticky":false,"template":"","format":"standard","meta":{"footnotes":""},"categories":[252],"tags":[],"class_list":["post-94314","post","type-post","status-publish","format-standard","has-post-thumbnail","hentry","category-regiao"],"_links":{"self":[{"href":"https:\/\/diarioregionaldigital.com.br\/index.php?rest_route=\/wp\/v2\/posts\/94314","targetHints":{"allow":["GET"]}}],"collection":[{"href":"https:\/\/diarioregionaldigital.com.br\/index.php?rest_route=\/wp\/v2\/posts"}],"about":[{"href":"https:\/\/diarioregionaldigital.com.br\/index.php?rest_route=\/wp\/v2\/types\/post"}],"author":[{"embeddable":true,"href":"https:\/\/diarioregionaldigital.com.br\/index.php?rest_route=\/wp\/v2\/users\/96"}],"replies":[{"embeddable":true,"href":"https:\/\/diarioregionaldigital.com.br\/index.php?rest_route=%2Fwp%2Fv2%2Fcomments&post=94314"}],"version-history":[{"count":0,"href":"https:\/\/diarioregionaldigital.com.br\/index.php?rest_route=\/wp\/v2\/posts\/94314\/revisions"}],"wp:featuredmedia":[{"embeddable":true,"href":"https:\/\/diarioregionaldigital.com.br\/index.php?rest_route=\/wp\/v2\/media\/94313"}],"wp:attachment":[{"href":"https:\/\/diarioregionaldigital.com.br\/index.php?rest_route=%2Fwp%2Fv2%2Fmedia&parent=94314"}],"wp:term":[{"taxonomy":"category","embeddable":true,"href":"https:\/\/diarioregionaldigital.com.br\/index.php?rest_route=%2Fwp%2Fv2%2Fcategories&post=94314"},{"taxonomy":"post_tag","embeddable":true,"href":"https:\/\/diarioregionaldigital.com.br\/index.php?rest_route=%2Fwp%2Fv2%2Ftags&post=94314"}],"curies":[{"name":"wp","href":"https:\/\/api.w.org\/{rel}","templated":true}]}}