{"id":94312,"date":"2018-03-21T18:02:51","date_gmt":"2018-03-21T21:02:51","guid":{"rendered":"http:\/\/diarioregionaljf.com.br\/2018\/03\/21\/vereador-denuncia-irregularidades-nos-transportes-coletivos-e-de-estudantes-na-cidade\/"},"modified":"2018-03-21T18:02:51","modified_gmt":"2018-03-21T21:02:51","slug":"vereador-denuncia-irregularidades-nos-transportes-coletivos-e-de-estudantes-na-cidade","status":"publish","type":"post","link":"https:\/\/diarioregionaldigital.com.br\/?p=94312","title":{"rendered":"Vereador denuncia irregularidades nos transportes coletivos e de estudantes na cidade"},"content":{"rendered":"<p>O vereador Roberto Cupolillo (Bet\u00e3o-PT) utilizou da tribuna nessa ter\u00e7a-feira, 20, durante a quarta reuni\u00e3o ordin\u00e1ria do terceiro per\u00edodo, para falar sobre as irregularidades do projeto Caminho da Escola, do Governo de Minas, que leva os estudantes portadores de alguma limita\u00e7\u00e3o at\u00e9 as escolas estaduais; bem como da situa\u00e7\u00e3o perigosa que o transporte coletivo que atende a comunidade de Torre\u00f5es proporciona aos moradores.<\/p>\n<p>De acordo com o vereador, crian\u00e7as com mobilidade reduzida e que utilizavam deste programa est\u00e3o desassistidos, j\u00e1 que n\u00e3o h\u00e1 monitores para auxiliar os motoristas no embarque e desembarque destas crian\u00e7as.<\/p>\n<p>Para tentar sanar este problema, Bet\u00e3o entrou com uma representa\u00e7\u00e3o solicitando \u00e0 Secretaria de Educa\u00e7\u00e3o de Minas Gerais para que forne\u00e7a passe livre do transporte para os estudantes do ensino m\u00e9dio da rede estadual do munic\u00edpio a fim de evitar a evas\u00e3o escolar.<\/p>\n<p>J\u00e1 em rela\u00e7\u00e3o a Torre\u00f5es, o vereador apresentou fotos que mostram como o coletivo urbano que atende ao distrito fica cheio. Ressaltou ainda que, nos \u00faltimos anos, a localidade mais que dobrou quanto ao n\u00famero de moradores e a linha que abrange o bairro n\u00e3o aumentou nem teve os hor\u00e1rios ampliados para atender a demanda atual.<\/p>\n<p>Fonte: Assessoria<\/p>\n","protected":false},"excerpt":{"rendered":"<p>O vereador Roberto Cupolillo (Bet\u00e3o-PT) utilizou da tribuna nessa ter\u00e7a-feira, 20, durante a quarta reuni\u00e3o ordin\u00e1ria do terceiro per\u00edodo, para falar sobre as irregularidades do projeto Caminho da Escola, do Governo de Minas, que leva os estudantes portadores de alguma limita\u00e7\u00e3o at\u00e9 as escolas estaduais; bem como da situa\u00e7\u00e3o perigosa que o transporte coletivo que [&hellip;]<\/p>\n","protected":false},"author":96,"featured_media":94311,"comment_status":"closed","ping_status":"closed","sticky":false,"template":"","format":"standard","meta":{"footnotes":""},"categories":[254],"tags":[],"class_list":["post-94312","post","type-post","status-publish","format-standard","has-post-thumbnail","hentry","category-politica"],"_links":{"self":[{"href":"https:\/\/diarioregionaldigital.com.br\/index.php?rest_route=\/wp\/v2\/posts\/94312","targetHints":{"allow":["GET"]}}],"collection":[{"href":"https:\/\/diarioregionaldigital.com.br\/index.php?rest_route=\/wp\/v2\/posts"}],"about":[{"href":"https:\/\/diarioregionaldigital.com.br\/index.php?rest_route=\/wp\/v2\/types\/post"}],"author":[{"embeddable":true,"href":"https:\/\/diarioregionaldigital.com.br\/index.php?rest_route=\/wp\/v2\/users\/96"}],"replies":[{"embeddable":true,"href":"https:\/\/diarioregionaldigital.com.br\/index.php?rest_route=%2Fwp%2Fv2%2Fcomments&post=94312"}],"version-history":[{"count":0,"href":"https:\/\/diarioregionaldigital.com.br\/index.php?rest_route=\/wp\/v2\/posts\/94312\/revisions"}],"wp:featuredmedia":[{"embeddable":true,"href":"https:\/\/diarioregionaldigital.com.br\/index.php?rest_route=\/wp\/v2\/media\/94311"}],"wp:attachment":[{"href":"https:\/\/diarioregionaldigital.com.br\/index.php?rest_route=%2Fwp%2Fv2%2Fmedia&parent=94312"}],"wp:term":[{"taxonomy":"category","embeddable":true,"href":"https:\/\/diarioregionaldigital.com.br\/index.php?rest_route=%2Fwp%2Fv2%2Fcategories&post=94312"},{"taxonomy":"post_tag","embeddable":true,"href":"https:\/\/diarioregionaldigital.com.br\/index.php?rest_route=%2Fwp%2Fv2%2Ftags&post=94312"}],"curies":[{"name":"wp","href":"https:\/\/api.w.org\/{rel}","templated":true}]}}