{"id":94310,"date":"2018-03-21T17:51:36","date_gmt":"2018-03-21T20:51:36","guid":{"rendered":"http:\/\/diarioregionaljf.com.br\/2018\/03\/21\/settra-divulga-esquema-de-transito-para-jogo-do-tupi-contra-o-cruzeiro\/"},"modified":"2018-03-21T17:51:36","modified_gmt":"2018-03-21T20:51:36","slug":"settra-divulga-esquema-de-transito-para-jogo-do-tupi-contra-o-cruzeiro","status":"publish","type":"post","link":"https:\/\/diarioregionaldigital.com.br\/?p=94310","title":{"rendered":"Settra divulga esquema de tr\u00e2nsito para jogo do Tupi contra o Cruzeiro"},"content":{"rendered":"<p>Nesta quarta-feira, 21, a Secretaria de Transporte e Tr\u00e2nsito (Settra) da Prefeitura de Juiz de Fora (PJF) far\u00e1 interven\u00e7\u00f5es no tr\u00e2nsito da Cidade Alta, em virtude da partida do Tupi contra o Cruzeiro, \u00e0s 21h45, no Est\u00e1dio Municipal Radialista M\u00e1rio Hel\u00eanio.<\/p>\n<p>Ser\u00e1 implantada m\u00e3o \u00fanica na Avenida Eug\u00eanio do Nascimento, entre Avenida Engenheiro Waldir Pedro Monachesi e Rua Jos\u00e9 Apol\u00f4nio dos Reis; na Rua Jos\u00e9 Apol\u00f4nio dos Reis, entre Rua Liduino Vieira dos Reis e Avenida Eug\u00eanio do Nascimento; e pista exclusiva para \u00f4nibus urbano, t\u00e1xi e autoridades na Avenida Eug\u00eanio do Nascimento, entre Avenida Engenheiro Waldir Pedro Monachesi (Sesi) e Rua Jos\u00e9 Apol\u00f4nio dos Reis.<\/p>\n<p>O estacionamento estar\u00e1 proibido de um lado da Avenida Eug\u00eanio do Nascimento, entre Avenida Prefeito Mello Reis e Rua \u00c1lvaro Jos\u00e9 Rodrigues, de um lado da Rua Jos\u00e9 Apol\u00f4nio dos Reis, entre as ruas Liduino Vieira dos Reis e \u00c1lvaro Jos\u00e9 Rodrigues e de um lado da Avenida Eug\u00eanio do Nascimento, entre as ruas Francisco Fayer Sobrinho e Guilherme de Almeida. Os ve\u00edculos particulares provenientes da Avenida Eug\u00eanio do Nascimento ser\u00e3o desviados para Avenida Engenheiro Waldir Pedro Monachesi, para acessarem o estacionamento do port\u00e3o principal do est\u00e1dio.<\/p>\n<p>Ao t\u00e9rmino da partida, a Rua Jos\u00e9 Apol\u00f4nio dos Reis ser\u00e1 fechada, e os carros que sa\u00edrem do estacionamento do est\u00e1dio ser\u00e3o desviados para as ruas Jos\u00e9 Apol\u00f4nio dos Reis e \u00c1lvaro Jos\u00e9 Rodrigues. O acesso da Avenida Presidente Itamar Franco para a Avenida Eug\u00eanio do Nascimento ser\u00e1 exclusivo para \u00f4nibus urbano, t\u00e1xi e autoridades, e os autom\u00f3veis particulares ser\u00e3o direcionados para o Campus da UFJF. J\u00e1 o trecho da Avenida Eug\u00eanio do Nascimento entre a Avenida Engenheiro Valdir Pedro Monachesi e Rua Francisco Fayer Sobrinho ficar\u00e1 reservado para o parqueamento dos \u00f4nibus dos torcedores da torcida visitante. A Rua Liduino Vieira dos Reis ficar\u00e1 destinada para parada de t\u00e1xi.<\/p>\n<p>O sem\u00e1foro da Avenida Presidente Itamar Franco \u2013 P\u00f3rtico Sul ficar\u00e1 ligado no modo intermitente. Aos ve\u00edculos provenientes da Avenida Presidente Itamar Franco em dire\u00e7\u00e3o \u00e0 Rua Vicente Beguelli e da Avenida Eug\u00eanio do Nascimento em dire\u00e7\u00e3o \u00e0 UFJF ser\u00e1 proibido convergir \u00e0 esquerda.<\/p>\n<h4>\u00d4NIBUS EXTRAS<\/h4>\n<p>A Secretaria tamb\u00e9m vai oferecer \u00f4nibus extras aos torcedores que forem acompanhar a semifinal do campeonato mineiro.&nbsp;O atendimento especial ter\u00e1 in\u00edcio \u00e0s 19h, com os carros da linha 517 (Est\u00e1dio), que sair\u00e3o da Avenida Presidente Itamar Franco, em frente \u00e0 Ag\u00eancia de Prote\u00e7\u00e3o e Defesa do Consumidor (Procon). Ser\u00e1 permitido embarque ao longo do trajeto, e cobrada tarifa normal, de R$3,10.<\/p>\n<p>O trajeto no sentido Centro\/bairro, ser\u00e1 pelas avenidas Presidente Itamar Franco e Eug\u00eanio do Nascimento, at\u00e9 o est\u00e1dio. Na volta, o percurso ser\u00e1 pelas avenidas Eug\u00eanio do Nascimento e Presidente Itamar Franco, Brasil (margem direita), Ponte Nelson Silva, Avenida Brasil (margem esquerda), Ponte Ant\u00f4nio Carlos e Avenida Presidente Itamar Franco (em frente ao Procon).<\/p>\n<p>Os \u00f4nibus 515 (Dom Orione), 537 (Jardim da Serra) e 539 (Santos Dumont) passam pr\u00f3ximo ao Est\u00e1dio Municipal. Os hor\u00e1rios e itiner\u00e1rios podem ser conferidos no Portal da PJF, no <a href=\"https:\/\/www.pjf.mg.gov.br\/onibus\/itinerario\/index.php\">link<\/a>.<\/p>\n<p>&nbsp;<\/p>\n<p>Fonte: Assessoria<\/p>\n","protected":false},"excerpt":{"rendered":"<p>Nesta quarta-feira, 21, a Secretaria de Transporte e Tr\u00e2nsito (Settra) da Prefeitura de Juiz de Fora (PJF) far\u00e1 interven\u00e7\u00f5es no tr\u00e2nsito da Cidade Alta, em virtude da partida do Tupi contra o Cruzeiro, \u00e0s 21h45, no Est\u00e1dio Municipal Radialista M\u00e1rio Hel\u00eanio. Ser\u00e1 implantada m\u00e3o \u00fanica na Avenida Eug\u00eanio do Nascimento, entre Avenida Engenheiro Waldir Pedro [&hellip;]<\/p>\n","protected":false},"author":96,"featured_media":94309,"comment_status":"closed","ping_status":"closed","sticky":false,"template":"","format":"standard","meta":{"footnotes":""},"categories":[253],"tags":[],"class_list":["post-94310","post","type-post","status-publish","format-standard","has-post-thumbnail","hentry","category-cidade"],"_links":{"self":[{"href":"https:\/\/diarioregionaldigital.com.br\/index.php?rest_route=\/wp\/v2\/posts\/94310","targetHints":{"allow":["GET"]}}],"collection":[{"href":"https:\/\/diarioregionaldigital.com.br\/index.php?rest_route=\/wp\/v2\/posts"}],"about":[{"href":"https:\/\/diarioregionaldigital.com.br\/index.php?rest_route=\/wp\/v2\/types\/post"}],"author":[{"embeddable":true,"href":"https:\/\/diarioregionaldigital.com.br\/index.php?rest_route=\/wp\/v2\/users\/96"}],"replies":[{"embeddable":true,"href":"https:\/\/diarioregionaldigital.com.br\/index.php?rest_route=%2Fwp%2Fv2%2Fcomments&post=94310"}],"version-history":[{"count":0,"href":"https:\/\/diarioregionaldigital.com.br\/index.php?rest_route=\/wp\/v2\/posts\/94310\/revisions"}],"wp:featuredmedia":[{"embeddable":true,"href":"https:\/\/diarioregionaldigital.com.br\/index.php?rest_route=\/wp\/v2\/media\/94309"}],"wp:attachment":[{"href":"https:\/\/diarioregionaldigital.com.br\/index.php?rest_route=%2Fwp%2Fv2%2Fmedia&parent=94310"}],"wp:term":[{"taxonomy":"category","embeddable":true,"href":"https:\/\/diarioregionaldigital.com.br\/index.php?rest_route=%2Fwp%2Fv2%2Fcategories&post=94310"},{"taxonomy":"post_tag","embeddable":true,"href":"https:\/\/diarioregionaldigital.com.br\/index.php?rest_route=%2Fwp%2Fv2%2Ftags&post=94310"}],"curies":[{"name":"wp","href":"https:\/\/api.w.org\/{rel}","templated":true}]}}