{"id":94266,"date":"2018-03-20T22:22:19","date_gmt":"2018-03-21T01:22:19","guid":{"rendered":"http:\/\/diarioregionaljf.com.br\/2018\/03\/20\/merecidos-2\/"},"modified":"2018-03-20T22:22:19","modified_gmt":"2018-03-21T01:22:19","slug":"merecidos-2","status":"publish","type":"post","link":"https:\/\/diarioregionaldigital.com.br\/?p=94266","title":{"rendered":"Merecidos"},"content":{"rendered":"<p style=\"text-align: center;\"><span class=\"h4\">Refinamento<\/span><br \/>Ser\u00e1 na 4\u00aa feira, 21, a promo\u00e7\u00e3o chique da Dommani Alta Decora\u00e7\u00e3o e a Baldi, do \u2018Workshop\u2019 com produ\u00e7\u00e3o do Instituto Europeo Di Design. Para falar sobre decora\u00e7\u00e3o e ambientes foram convocados o diretor do IED Crieed no Brasil, Fabiano Pereira e o executivo m\u00e1ster em Marketing &amp; Sales pela DAS Bocconi, em Mil\u00e3o, Victor Megido.<\/p>\n<p style=\"text-align: center;\"><span class=\"h4\">Romance<\/span><br \/>Bola branca \u00e9 o que merece Geovani Martins, a grande revela\u00e7\u00e3o da literatura brasileira deste in\u00edcio de 2018. Ele assinou contrato com a Companhia das Letras para um segundo livro. Depois de \u201cO sol na cabe\u00e7a\u201d, de contos, vai escrever um romance. Detalhe: Ser\u00e1 ambientado numa favela carioca nos tempos ainda das UPPs em alta.<\/p>\n<p style=\"text-align: center;\"><span class=\"h4\">Voc\u00ea Sabia?<\/span><br \/>O Facebook suspendeu a Cambridge Analytica por colher ilegalmente informa\u00e7\u00f5es e que seriam usadas mais tarde na campanha de Donald Trump. A empresa teria moldado estrat\u00e9gias eleitorais e as investiga\u00e7\u00f5es internacionais apontaram abusos da empresa.<\/p>\n<p style=\"text-align: center;\"><span class=\"h4\">Merecido<\/span><br \/>Instalado no Rio de Janeiro, o empres\u00e1rio Omar Peres est\u00e1 em estado alfa. O j\u00fari do Pr\u00eamio Colunistas do Rio de Janeiro 2017 concedeu para ele o t\u00edtulo de Destaque do Ano pelo relan\u00e7amento do \u201cJornal do Brasil\u201d.<\/p>\n<p style=\"text-align: center;\"><span class=\"h4\">Novidade<\/span><br \/>A Odebrecht vai rebatizar sua construtora. N\u00e3o agora. Mas depois que o terremoto na empresa amainar. O nome do grupo, no entanto, n\u00e3o muda.<\/p>\n<p style=\"text-align: center;\"><span class=\"h4\">Importante<\/span><br \/>Na 5\u00aa feira, 22, representantes do Minist\u00e9rio P\u00fablico, da Prefeitura de Juiz de Fora e da Funda\u00e7\u00e3o Maria M\u00e3e participam de audi\u00eancia p\u00fablica na C\u00e2mara Municipal para discutir os repasses de recursos da Prefeitura, que est\u00e3o em atraso.<\/p>\n<p style=\"text-align: center;\"><img decoding=\"async\" class=\" size-full wp-image-94257\" src=\"http:\/\/diarioregionaljf.com.br\/wp-content\/uploads\/2018\/03\/diario-int-25270-1.jpg\" alt=\"fotob.jpg\" width=\"680\" style=\"display: block; margin-left: auto; margin-right: auto;\" srcset=\"https:\/\/diarioregionaldigital.com.br\/wp-content\/uploads\/2018\/03\/diario-int-25270-1.jpg 680w, https:\/\/diarioregionaldigital.com.br\/wp-content\/uploads\/2018\/03\/diario-int-25270-1-300x200.jpg 300w, https:\/\/diarioregionaldigital.com.br\/wp-content\/uploads\/2018\/03\/diario-int-25270-1-360x240.jpg 360w\" sizes=\"(max-width: 680px) 100vw, 680px\" \/>As deslumbrantes ex-Miss Juiz de Fora, J\u00falia Horta, Larissa Cheuen, Lorena Rodrigues e Isabela Stumph com o Mr. Juiz de Fora, Gabriel Vital, em produ\u00e7\u00e3o de Diley Almeida e foto de Johnny Pio para o DR-On-line<\/p>\n<p style=\"text-align: center;\"><img decoding=\"async\" class=\" size-full wp-image-94258\" src=\"http:\/\/diarioregionaljf.com.br\/wp-content\/uploads\/2018\/03\/diario-int-25270-2.jpg\" alt=\"fotoa.jpg\" width=\"680\" style=\"display: block; margin-left: auto; margin-right: auto;\" srcset=\"https:\/\/diarioregionaldigital.com.br\/wp-content\/uploads\/2018\/03\/diario-int-25270-2.jpg 680w, https:\/\/diarioregionaldigital.com.br\/wp-content\/uploads\/2018\/03\/diario-int-25270-2-300x243.jpg 300w, https:\/\/diarioregionaldigital.com.br\/wp-content\/uploads\/2018\/03\/diario-int-25270-2-360x291.jpg 360w\" sizes=\"(max-width: 680px) 100vw, 680px\" \/>Em destaque, a beleza negra de Juliana de Jesus, em produ\u00e7\u00e3o especial para esta coluna pelo Studio Carlos Badico<\/p>\n<p style=\"text-align: center;\"><img decoding=\"async\" class=\" size-full wp-image-94259\" src=\"http:\/\/diarioregionaljf.com.br\/wp-content\/uploads\/2018\/03\/diario-int-25270-3.jpg\" alt=\"fotoaa.jpg\" width=\"680\" style=\"display: block; margin-left: auto; margin-right: auto;\" srcset=\"https:\/\/diarioregionaldigital.com.br\/wp-content\/uploads\/2018\/03\/diario-int-25270-3.jpg 680w, https:\/\/diarioregionaldigital.com.br\/wp-content\/uploads\/2018\/03\/diario-int-25270-3-300x199.jpg 300w, https:\/\/diarioregionaldigital.com.br\/wp-content\/uploads\/2018\/03\/diario-int-25270-3-360x238.jpg 360w\" sizes=\"(max-width: 680px) 100vw, 680px\" \/>Rog\u00e9rio Paschoalino, F\u00e1bio Ramos, Marcelle Oliveira e os empres\u00e1rios cariocas Eleane Martins e Jos\u00e9 Ot\u00e1vio Rocha Lima assinando contrato para levarem a franquia MultSa\u00fade Benef\u00edcios para a capital do Rio de Janeiro<\/p>\n<p style=\"text-align: center;\"><img decoding=\"async\" class=\" size-full wp-image-94260\" src=\"http:\/\/diarioregionaljf.com.br\/wp-content\/uploads\/2018\/03\/diario-int-25270-4.jpg\" alt=\"fotobb.jpg\" width=\"680\" style=\"display: block; margin-left: auto; margin-right: auto;\" srcset=\"https:\/\/diarioregionaldigital.com.br\/wp-content\/uploads\/2018\/03\/diario-int-25270-4.jpg 680w, https:\/\/diarioregionaldigital.com.br\/wp-content\/uploads\/2018\/03\/diario-int-25270-4-300x169.jpg 300w, https:\/\/diarioregionaldigital.com.br\/wp-content\/uploads\/2018\/03\/diario-int-25270-4-360x203.jpg 360w\" sizes=\"(max-width: 680px) 100vw, 680px\" \/>Comunicadores reunidos na r\u00e1dio do CES\/JF, Ot\u00e1vio Augusto, Gilze Bara, Yasmim Damasceno, Joubert Telles, Glaubert Cardoso e Iran Almeida<\/p>\n<p style=\"text-align: center;\"><img decoding=\"async\" class=\" size-full wp-image-94261\" src=\"http:\/\/diarioregionaljf.com.br\/wp-content\/uploads\/2018\/03\/diario-int-25270-5.jpg\" alt=\"fotoc.jpg\" width=\"680\" style=\"display: block; margin-left: auto; margin-right: auto;\" srcset=\"https:\/\/diarioregionaldigital.com.br\/wp-content\/uploads\/2018\/03\/diario-int-25270-5.jpg 680w, https:\/\/diarioregionaldigital.com.br\/wp-content\/uploads\/2018\/03\/diario-int-25270-5-300x199.jpg 300w, https:\/\/diarioregionaldigital.com.br\/wp-content\/uploads\/2018\/03\/diario-int-25270-5-360x238.jpg 360w\" sizes=\"(max-width: 680px) 100vw, 680px\" \/>No Pool Party em B\u00fazios Beach Resort, os saud\u00e1veis cariocas Gl\u00e1ucio Mello e W\u00eamerson Goulart<\/p>\n<p style=\"text-align: center;\"><img decoding=\"async\" class=\" size-full wp-image-94262\" src=\"http:\/\/diarioregionaljf.com.br\/wp-content\/uploads\/2018\/03\/diario-int-25270-6.jpg\" alt=\"fotod.jpg\" width=\"680\" style=\"display: block; margin-left: auto; margin-right: auto;\" srcset=\"https:\/\/diarioregionaldigital.com.br\/wp-content\/uploads\/2018\/03\/diario-int-25270-6.jpg 680w, https:\/\/diarioregionaldigital.com.br\/wp-content\/uploads\/2018\/03\/diario-int-25270-6-300x221.jpg 300w, https:\/\/diarioregionaldigital.com.br\/wp-content\/uploads\/2018\/03\/diario-int-25270-6-360x265.jpg 360w\" sizes=\"(max-width: 680px) 100vw, 680px\" \/>Curtindo amor e carinho de amizade, os lindos Karina Ramos Ricardo e Raphael Koch Torres<\/p>\n<p style=\"text-align: center;\"><img decoding=\"async\" class=\" size-full wp-image-94263\" src=\"http:\/\/diarioregionaljf.com.br\/wp-content\/uploads\/2018\/03\/diario-int-25270-7.jpg\" alt=\"fotoe.jpg\" width=\"680\" style=\"display: block; margin-left: auto; margin-right: auto;\" srcset=\"https:\/\/diarioregionaldigital.com.br\/wp-content\/uploads\/2018\/03\/diario-int-25270-7.jpg 680w, https:\/\/diarioregionaldigital.com.br\/wp-content\/uploads\/2018\/03\/diario-int-25270-7-266x300.jpg 266w, https:\/\/diarioregionaldigital.com.br\/wp-content\/uploads\/2018\/03\/diario-int-25270-7-360x407.jpg 360w\" sizes=\"(max-width: 680px) 100vw, 680px\" \/>A capotante e linda Laila Baeta, uma das favoritas para o Miss Juiz de Fora 2018, dia 30 de maio, no Teatro Solar<\/p>\n<p style=\"text-align: center;\"><img decoding=\"async\" class=\" size-full wp-image-94264\" src=\"http:\/\/diarioregionaljf.com.br\/wp-content\/uploads\/2018\/03\/diario-int-25270-8.jpg\" alt=\"fotog.jpg\" width=\"680\" style=\"display: block; margin-left: auto; margin-right: auto;\" srcset=\"https:\/\/diarioregionaldigital.com.br\/wp-content\/uploads\/2018\/03\/diario-int-25270-8.jpg 680w, https:\/\/diarioregionaldigital.com.br\/wp-content\/uploads\/2018\/03\/diario-int-25270-8-300x199.jpg 300w, https:\/\/diarioregionaldigital.com.br\/wp-content\/uploads\/2018\/03\/diario-int-25270-8-360x238.jpg 360w\" sizes=\"(max-width: 680px) 100vw, 680px\" \/>Formando lindo par, a modelo Emilainy Werneck e Leonardo Castro<\/p>\n<p style=\"text-align: center;\"><img decoding=\"async\" class=\" size-full wp-image-94265\" src=\"http:\/\/diarioregionaljf.com.br\/wp-content\/uploads\/2018\/03\/diario-int-25270-9.jpg\" alt=\"fotoj.jpg\" width=\"680\" style=\"display: block; margin-left: auto; margin-right: auto;\" srcset=\"https:\/\/diarioregionaldigital.com.br\/wp-content\/uploads\/2018\/03\/diario-int-25270-9.jpg 680w, https:\/\/diarioregionaldigital.com.br\/wp-content\/uploads\/2018\/03\/diario-int-25270-9-300x221.jpg 300w, https:\/\/diarioregionaldigital.com.br\/wp-content\/uploads\/2018\/03\/diario-int-25270-9-360x265.jpg 360w\" sizes=\"(max-width: 680px) 100vw, 680px\" \/>Absoluto no Privil\u00e9ge e na diretoria de eventos da casa noturna, Gui Schr\u00f6der<\/p>\n<p class=\"h4\" style=\"text-align: center;\">FOTOSS\u00cdNTESE<\/p>\n<p>No s\u00e1bado, 24, tem ferve\u00e7\u00e3o no Muzik com a segunda edi\u00e7\u00e3o da festa MuyCaliente &#8211; Fechando o ver\u00e3o. A partir das 22h.<\/p>\n<p>Para o domingo, 25, \u00e0s 8h, tem a 1\u00ba Missa Campal na G.R.E.S Uni\u00e3o das Cores. A prociss\u00e3o sair\u00e1 do bairro Amazonas \u00e0s 7h, com destino a quadra da escola no Milho Branco.<\/p>\n<p>Fazendo muito sucesso no Rio de Janeiro a cantora juiz-forana Sandra Portella recebe Sandra de S\u00e1 e Grazi Brasil, nesta 4\u00aa feira, 21, no Teatro Carlos Gomes, dentro do projeto \u201cA arte delas\u201d da Secretaria Municipal de Cultura do Rio de Janeiro.<\/p>\n<p>Vai ser em ritmo de as \u00e1guas v\u00e3o rolar o evento anual Circus Fantasy Party, dia 21 de abril, no Terrazzo.<\/p>\n<p>A Prefeitura de Juiz de Fora convida para a inaugura\u00e7\u00e3o da Esta\u00e7\u00e3o de Tratamento de Esgoto \u2013 ETE Uni\u00e3o Ind\u00fastria, no dia 22 de mar\u00e7o, \u00e0s 16h, na Rodovia Uni\u00e3o-Ind\u00fastria, Granjas Bethel.<\/p>\n<p>Uma lei que define regras mais r\u00edgidas para in\u00edcio de shows em Juiz de Fora foi sancionada, pelo prefeito Bruno Siqueira (MDB). A toler\u00e2ncia m\u00e1xima \u00e9 de at\u00e9 30 minutos.<\/p>\n<p>Sempre informativa, a professora Carolina Bezerra participa no dia 23 de mar\u00e7o, \u00e0s 19h, do Caf\u00e9 Filos\u00f3fico, na Biblioteca Redentorista. O tema da palestra ser\u00e1 \u201cPrecisamos falar sobre Viol\u00eancia Dom\u00e9stica\u201d.<\/p>\n<p>Entre os dias 6 e 8 de abril, o Gran Victory ser\u00e1 cen\u00e1rio para o evento \u00c9 festa!, a maior feira de JF e regi\u00e3o, reunindo tudo para casamentos, formaturas, 15 anos, festa infantil e eventos em geral.<br \/>Agendado para 6 de abril, o lan\u00e7amento da cole\u00e7\u00e3o outono-inverno da 4 Life, no Marechal Center, 1\u00ba piso. Recebendo, Rodrigo e Renata Bering.<\/p>\n<p>Agendado para a 5\u00aa feira, 22, a exibi\u00e7\u00e3o do document\u00e1rio \u201cUm olhar sobre a hist\u00f3ria de Juiz de Fora\u201d, com o cineasta Wilton Ara\u00fajo. Ap\u00f3s a exibi\u00e7\u00e3o, haver\u00e1 debate com a presen\u00e7a do padre Pierre Cantarino.<\/p>\n<p>Ana Maria Moraes estava na plateia lotada do show de Milton Nascimento no Cine-Theatro Central. Ali\u00e1s, o consagrado cantor participou da grava\u00e7\u00e3o, do novo DVD de Emmerson Nogueira, em seu est\u00fadio Vers\u00e3o Ac\u00fastica, cantando Beatles.<\/p>\n<p>Nesta 4\u00aa feira, 21, das 10h \u00e0s 12h, tem vacina\u00e7\u00e3o contra febre amarela no Shopping Jardim Norte em parceria com a PJF.<\/p>\n<p>Para sintonizar: A vida tamb\u00e9m \u00e9 importante quando temos amigos para celebrar! Bom dia.<\/p>\n","protected":false},"excerpt":{"rendered":"<p>RefinamentoSer\u00e1 na 4\u00aa feira, 21, a promo\u00e7\u00e3o chique da Dommani Alta Decora\u00e7\u00e3o e a Baldi, do \u2018Workshop\u2019 com produ\u00e7\u00e3o do Instituto Europeo Di Design. Para falar sobre decora\u00e7\u00e3o e ambientes foram convocados o diretor do IED Crieed no Brasil, Fabiano Pereira e o executivo m\u00e1ster em Marketing &amp; Sales pela DAS Bocconi, em Mil\u00e3o, Victor [&hellip;]<\/p>\n","protected":false},"author":96,"featured_media":94256,"comment_status":"closed","ping_status":"closed","sticky":false,"template":"","format":"standard","meta":{"footnotes":""},"categories":[264],"tags":[],"class_list":["post-94266","post","type-post","status-publish","format-standard","has-post-thumbnail","hentry","category-eduardo-gomes"],"_links":{"self":[{"href":"https:\/\/diarioregionaldigital.com.br\/index.php?rest_route=\/wp\/v2\/posts\/94266","targetHints":{"allow":["GET"]}}],"collection":[{"href":"https:\/\/diarioregionaldigital.com.br\/index.php?rest_route=\/wp\/v2\/posts"}],"about":[{"href":"https:\/\/diarioregionaldigital.com.br\/index.php?rest_route=\/wp\/v2\/types\/post"}],"author":[{"embeddable":true,"href":"https:\/\/diarioregionaldigital.com.br\/index.php?rest_route=\/wp\/v2\/users\/96"}],"replies":[{"embeddable":true,"href":"https:\/\/diarioregionaldigital.com.br\/index.php?rest_route=%2Fwp%2Fv2%2Fcomments&post=94266"}],"version-history":[{"count":0,"href":"https:\/\/diarioregionaldigital.com.br\/index.php?rest_route=\/wp\/v2\/posts\/94266\/revisions"}],"wp:featuredmedia":[{"embeddable":true,"href":"https:\/\/diarioregionaldigital.com.br\/index.php?rest_route=\/wp\/v2\/media\/94256"}],"wp:attachment":[{"href":"https:\/\/diarioregionaldigital.com.br\/index.php?rest_route=%2Fwp%2Fv2%2Fmedia&parent=94266"}],"wp:term":[{"taxonomy":"category","embeddable":true,"href":"https:\/\/diarioregionaldigital.com.br\/index.php?rest_route=%2Fwp%2Fv2%2Fcategories&post=94266"},{"taxonomy":"post_tag","embeddable":true,"href":"https:\/\/diarioregionaldigital.com.br\/index.php?rest_route=%2Fwp%2Fv2%2Ftags&post=94266"}],"curies":[{"name":"wp","href":"https:\/\/api.w.org\/{rel}","templated":true}]}}