{"id":94252,"date":"2018-03-20T21:58:49","date_gmt":"2018-03-21T00:58:49","guid":{"rendered":"http:\/\/diarioregionaljf.com.br\/2018\/03\/20\/procon-jf-oferece-vagas-para-curso-de-educacao-financeira\/"},"modified":"2018-03-20T21:58:49","modified_gmt":"2018-03-21T00:58:49","slug":"procon-jf-oferece-vagas-para-curso-de-educacao-financeira","status":"publish","type":"post","link":"https:\/\/diarioregionaldigital.com.br\/?p=94252","title":{"rendered":"Procon\/JF oferece vagas para curso de educa\u00e7\u00e3o financeira"},"content":{"rendered":"<p>A Ag\u00eancia de Prote\u00e7\u00e3o e Defesa do Consumidor (Procon\/JF) da Prefeitura de Juiz de Fora (PJF), por meio do Departamento de Estudos, Pesquisas e Projetos (Depp), tem vagas abertas para mais uma edi\u00e7\u00e3o do curso de educa\u00e7\u00e3o financeira, que acontecer\u00e1 entre 3 e 24 de abril, na sede do Procon\/JF. Ser\u00e3o abertas duas turmas, \u00e0s segundas-feiras, das 14h \u00e0s 18h, e \u00e0s ter\u00e7as-feiras, das 18h30 \u00e0s 20h30. As vagas s\u00e3o limitadas.<\/p>\n<p>O curso tem o formato de \u201cworkshop\u201d, e o objetivo \u00e9 oferecer dicas financeiras para conscientizar os consumidores em geral. Os participantes tamb\u00e9m recebem, gratuitamente, kit com o livro \u201cTerapia Financeira\u201d, escrito por Reinaldo Domingos, fundador da metodologia, apostila do workshop, caderneta de apontamento de despesa e certificado de participa\u00e7\u00e3o.<\/p>\n<p>As inscri\u00e7\u00f5es podem ser realizadas no Departamento de Estudos, Pesquisas e Projetos (Depp), pelo telefone 2104-8702, ou na sede do Procon\/JF, situada na Avenida Presidente Itamar Franco, n\u00ba 992, Centro.<\/p>\n<p>Fonte: Assessoria<\/p>\n","protected":false},"excerpt":{"rendered":"<p>A Ag\u00eancia de Prote\u00e7\u00e3o e Defesa do Consumidor (Procon\/JF) da Prefeitura de Juiz de Fora (PJF), por meio do Departamento de Estudos, Pesquisas e Projetos (Depp), tem vagas abertas para mais uma edi\u00e7\u00e3o do curso de educa\u00e7\u00e3o financeira, que acontecer\u00e1 entre 3 e 24 de abril, na sede do Procon\/JF. Ser\u00e3o abertas duas turmas, \u00e0s [&hellip;]<\/p>\n","protected":false},"author":96,"featured_media":94251,"comment_status":"closed","ping_status":"closed","sticky":false,"template":"","format":"standard","meta":{"footnotes":""},"categories":[253],"tags":[],"class_list":["post-94252","post","type-post","status-publish","format-standard","has-post-thumbnail","hentry","category-cidade"],"_links":{"self":[{"href":"https:\/\/diarioregionaldigital.com.br\/index.php?rest_route=\/wp\/v2\/posts\/94252","targetHints":{"allow":["GET"]}}],"collection":[{"href":"https:\/\/diarioregionaldigital.com.br\/index.php?rest_route=\/wp\/v2\/posts"}],"about":[{"href":"https:\/\/diarioregionaldigital.com.br\/index.php?rest_route=\/wp\/v2\/types\/post"}],"author":[{"embeddable":true,"href":"https:\/\/diarioregionaldigital.com.br\/index.php?rest_route=\/wp\/v2\/users\/96"}],"replies":[{"embeddable":true,"href":"https:\/\/diarioregionaldigital.com.br\/index.php?rest_route=%2Fwp%2Fv2%2Fcomments&post=94252"}],"version-history":[{"count":0,"href":"https:\/\/diarioregionaldigital.com.br\/index.php?rest_route=\/wp\/v2\/posts\/94252\/revisions"}],"wp:featuredmedia":[{"embeddable":true,"href":"https:\/\/diarioregionaldigital.com.br\/index.php?rest_route=\/wp\/v2\/media\/94251"}],"wp:attachment":[{"href":"https:\/\/diarioregionaldigital.com.br\/index.php?rest_route=%2Fwp%2Fv2%2Fmedia&parent=94252"}],"wp:term":[{"taxonomy":"category","embeddable":true,"href":"https:\/\/diarioregionaldigital.com.br\/index.php?rest_route=%2Fwp%2Fv2%2Fcategories&post=94252"},{"taxonomy":"post_tag","embeddable":true,"href":"https:\/\/diarioregionaldigital.com.br\/index.php?rest_route=%2Fwp%2Fv2%2Ftags&post=94252"}],"curies":[{"name":"wp","href":"https:\/\/api.w.org\/{rel}","templated":true}]}}