{"id":94250,"date":"2018-03-20T21:37:37","date_gmt":"2018-03-21T00:37:37","guid":{"rendered":"http:\/\/diarioregionaljf.com.br\/2018\/03\/20\/policias-civil-militar-e-rodoviaria-realizam-nova-acao-de-fiscalizacao-nas-divisas-entre-rio-e-minas\/"},"modified":"2018-03-20T21:37:37","modified_gmt":"2018-03-21T00:37:37","slug":"policias-civil-militar-e-rodoviaria-realizam-nova-acao-de-fiscalizacao-nas-divisas-entre-rio-e-minas","status":"publish","type":"post","link":"https:\/\/diarioregionaldigital.com.br\/?p=94250","title":{"rendered":"Pol\u00edcias civil, militar e rodovi\u00e1ria realizam nova a\u00e7\u00e3o de fiscaliza\u00e7\u00e3o nas divisas entre Rio e Minas"},"content":{"rendered":"<p>Nesta ter\u00e7a-feira 20, a Pol\u00edcia Civil de Minas Gerais (PCMG), Pol\u00edcias Militar e Rodovi\u00e1ria Federal, deflagraram mais uma fase da opera\u00e7\u00e3o \u201cMigro\u201d na \u00e1rea do 4\u00ba Departamento de Pol\u00edcia Civil em Juiz de Fora (4\u00ba DEPPC).<\/p>\n<p>A opera\u00e7\u00e3o teve in\u00edcio em fevereiro desse ano e tem a finalidade de montar postos de fiscaliza\u00e7\u00e3o nas principais vias de acesso entre os estados do Rio de Janeiro e de Minas Gerais. A a\u00e7\u00e3o foi desencadeada ap\u00f3s o decreto do Governo Federal autorizando interven\u00e7\u00e3o na seguran\u00e7a p\u00fablica do Rio de Janeiro.<\/p>\n<p>Os policiais atuam nas rodovias das cidades de Matias Barbosa, Sim\u00e3o Pereira, Rio Preto, Chiador, Leopoldina, Al\u00e9m Para\u00edba, Pirapetinga, Muria\u00e9, Palma e Tombos, bem como nos terminais rodovi\u00e1rios das principais cidades pertencentes \u00e0s Delegacias Regionais de Vi\u00e7osa e de Ub\u00e1.<\/p>\n<h4>PRIMEIRA FASE<\/h4>\n<p>A primeira fase foi realizada no dia 23 de fevereiro pela PCMG &#8211; em a\u00e7\u00e3o conjunta com as Pol\u00edcias Militar, Rodovi\u00e1ria Federal e apoio de agentes da MRS Log\u00edstica. Os policiais atuaram em 11 postos, mais precisamente nas diversas \u00e1reas das Delegacias Regionais de Pol\u00edcia Civil em Juiz de Fora (Sim\u00e3o Pereira, Matias Barbosa, Chiador e Rio Preto), em Leopoldina (Leopoldina, Al\u00e9m Para\u00edba e Pirapetinga) e em Muria\u00e9 (Palma, Tombos e Eugen\u00f3polis). Tamb\u00e9m foram realizadas vistorias em todos os vag\u00f5es das locomotivas vindas do Rio de Janeiro, inclusive com a atua\u00e7\u00e3o de drones da Pol\u00edcia Civil.<\/p>\n<p><img loading=\"lazy\" decoding=\"async\" class=\" size-full wp-image-94248\" src=\"http:\/\/diarioregionaljf.com.br\/wp-content\/uploads\/2018\/03\/diario-int-25265-1.jpg\" alt=\"opmigrocarro\" width=\"403\" height=\"302\" style=\"display: block; margin-left: auto; margin-right: auto;\" srcset=\"https:\/\/diarioregionaldigital.com.br\/wp-content\/uploads\/2018\/03\/diario-int-25265-1.jpg 1152w, https:\/\/diarioregionaldigital.com.br\/wp-content\/uploads\/2018\/03\/diario-int-25265-1-300x225.jpg 300w, https:\/\/diarioregionaldigital.com.br\/wp-content\/uploads\/2018\/03\/diario-int-25265-1-768x576.jpg 768w, https:\/\/diarioregionaldigital.com.br\/wp-content\/uploads\/2018\/03\/diario-int-25265-1-1024x768.jpg 1024w, https:\/\/diarioregionaldigital.com.br\/wp-content\/uploads\/2018\/03\/diario-int-25265-1-360x270.jpg 360w\" sizes=\"auto, (max-width: 403px) 100vw, 403px\" \/><\/p>\n<p><img loading=\"lazy\" decoding=\"async\" class=\" size-full wp-image-94249\" src=\"http:\/\/diarioregionaljf.com.br\/wp-content\/uploads\/2018\/03\/diario-int-25265-2.jpg\" alt=\"opmigroestrada\" width=\"408\" height=\"305\" style=\"display: block; margin-left: auto; margin-right: auto;\" srcset=\"https:\/\/diarioregionaldigital.com.br\/wp-content\/uploads\/2018\/03\/diario-int-25265-2.jpg 1152w, https:\/\/diarioregionaldigital.com.br\/wp-content\/uploads\/2018\/03\/diario-int-25265-2-300x225.jpg 300w, https:\/\/diarioregionaldigital.com.br\/wp-content\/uploads\/2018\/03\/diario-int-25265-2-768x576.jpg 768w, https:\/\/diarioregionaldigital.com.br\/wp-content\/uploads\/2018\/03\/diario-int-25265-2-1024x768.jpg 1024w, https:\/\/diarioregionaldigital.com.br\/wp-content\/uploads\/2018\/03\/diario-int-25265-2-360x270.jpg 360w\" sizes=\"auto, (max-width: 408px) 100vw, 408px\" \/><\/p>\n<p>Fonte: Assessoria \/ Pol\u00edcia Civil<\/p>\n","protected":false},"excerpt":{"rendered":"<p>Nesta ter\u00e7a-feira 20, a Pol\u00edcia Civil de Minas Gerais (PCMG), Pol\u00edcias Militar e Rodovi\u00e1ria Federal, deflagraram mais uma fase da opera\u00e7\u00e3o \u201cMigro\u201d na \u00e1rea do 4\u00ba Departamento de Pol\u00edcia Civil em Juiz de Fora (4\u00ba DEPPC). A opera\u00e7\u00e3o teve in\u00edcio em fevereiro desse ano e tem a finalidade de montar postos de fiscaliza\u00e7\u00e3o nas principais [&hellip;]<\/p>\n","protected":false},"author":96,"featured_media":94247,"comment_status":"closed","ping_status":"closed","sticky":false,"template":"","format":"standard","meta":{"footnotes":""},"categories":[252],"tags":[],"class_list":["post-94250","post","type-post","status-publish","format-standard","has-post-thumbnail","hentry","category-regiao"],"_links":{"self":[{"href":"https:\/\/diarioregionaldigital.com.br\/index.php?rest_route=\/wp\/v2\/posts\/94250","targetHints":{"allow":["GET"]}}],"collection":[{"href":"https:\/\/diarioregionaldigital.com.br\/index.php?rest_route=\/wp\/v2\/posts"}],"about":[{"href":"https:\/\/diarioregionaldigital.com.br\/index.php?rest_route=\/wp\/v2\/types\/post"}],"author":[{"embeddable":true,"href":"https:\/\/diarioregionaldigital.com.br\/index.php?rest_route=\/wp\/v2\/users\/96"}],"replies":[{"embeddable":true,"href":"https:\/\/diarioregionaldigital.com.br\/index.php?rest_route=%2Fwp%2Fv2%2Fcomments&post=94250"}],"version-history":[{"count":0,"href":"https:\/\/diarioregionaldigital.com.br\/index.php?rest_route=\/wp\/v2\/posts\/94250\/revisions"}],"wp:featuredmedia":[{"embeddable":true,"href":"https:\/\/diarioregionaldigital.com.br\/index.php?rest_route=\/wp\/v2\/media\/94247"}],"wp:attachment":[{"href":"https:\/\/diarioregionaldigital.com.br\/index.php?rest_route=%2Fwp%2Fv2%2Fmedia&parent=94250"}],"wp:term":[{"taxonomy":"category","embeddable":true,"href":"https:\/\/diarioregionaldigital.com.br\/index.php?rest_route=%2Fwp%2Fv2%2Fcategories&post=94250"},{"taxonomy":"post_tag","embeddable":true,"href":"https:\/\/diarioregionaldigital.com.br\/index.php?rest_route=%2Fwp%2Fv2%2Ftags&post=94250"}],"curies":[{"name":"wp","href":"https:\/\/api.w.org\/{rel}","templated":true}]}}