{"id":94244,"date":"2018-03-20T21:07:09","date_gmt":"2018-03-21T00:07:09","guid":{"rendered":"http:\/\/diarioregionaljf.com.br\/2018\/03\/20\/ce-confirma-aprovacao-de-projeto-que-regulamenta-falta-a-prova-ou-aula-por-motivo-religioso\/"},"modified":"2018-03-20T21:07:09","modified_gmt":"2018-03-21T00:07:09","slug":"ce-confirma-aprovacao-de-projeto-que-regulamenta-falta-a-prova-ou-aula-por-motivo-religioso","status":"publish","type":"post","link":"https:\/\/diarioregionaldigital.com.br\/?p=94244","title":{"rendered":"CE confirma aprova\u00e7\u00e3o de projeto que regulamenta falta \u00e0 prova ou aula por motivo religioso"},"content":{"rendered":"<p>A Comiss\u00e3o de Educa\u00e7\u00e3o (CE) confirmou, em turno suplementar, a aprova\u00e7\u00e3o da proposta que regulamenta a aplica\u00e7\u00e3o de provas e a atribui\u00e7\u00e3o de frequ\u00eancia a alunos impossibilitados de comparecer \u00e0 determinada atividade em raz\u00e3o de cren\u00e7a religiosa ou liberdade de consci\u00eancia (PLC 130\/2009). A mat\u00e9ria \u00e9 terminativa na CE, mas como foi modificada, retorna \u00e0 C\u00e2mara dos Deputados para nova an\u00e1lise.<\/p>\n<p>De acordo com o texto aprovado, fica assegurado a alunos de institui\u00e7\u00f5es p\u00fablicas ou privadas, em qualquer n\u00edvel, o direito de ausentar-se de prova ou aula marcada para data em que, segundo seus preceitos religiosos, seja proibido o exerc\u00edcio de atividades. Mas o exerc\u00edcio desse direito fica condicionado \u00e0 apresenta\u00e7\u00e3o de um requerimento contendo os motivos alegados.<\/p>\n<p>O relator na CE, senador Pedro Chaves (PRB-MS) acrescentou ao substitutivo de Paulo Paim (PT-RS), aprovado na Comiss\u00e3o de Constitui\u00e7\u00e3o e Justi\u00e7a (CCJ) mudan\u00e7as sugeridas em audi\u00eancia p\u00fablica realizada pela CE. Uma das altera\u00e7\u00f5es \u00e9 a retirada do dispositivo que mant\u00e9m o limite m\u00e1ximo de 25% de faltas, j\u00e1 incluindo as que ocorrerem por motivos religiosos. \u201cA manuten\u00e7\u00e3o dessa cl\u00e1usula seria proibitiva \u00e0 liberdade de credo\u201d, argumenta.<\/p>\n<h4>CONTRAPARTIDAS<\/h4>\n<p>A partir da concess\u00e3o do direito \u00e0 aus\u00eancia em data de prova ou aula, haver\u00e1 contrapartidas. A crit\u00e9rio da institui\u00e7\u00e3o de ensino, desde que n\u00e3o resulte em custos para o estudante, poder\u00e1 ser realizada nova prova ou aula de reposi\u00e7\u00e3o. Uma alternativa ser\u00e1 a aplica\u00e7\u00e3o de trabalho escrito ou outra atividade de pesquisa, com tema, objetivo e data de entrega definidos.<\/p>\n<p>O cumprimento da contrapartida regularizar\u00e1 a situa\u00e7\u00e3o do aluno no que tange \u00e0 frequ\u00eancia. O texto tamb\u00e9m prev\u00ea que as institui\u00e7\u00f5es de ensino ter\u00e3o dois anos para se adaptarem a essas mudan\u00e7as, caso o projeto vire lei.<\/p>\n<p>Fonte: Ag\u00eancia Senado<\/p>\n","protected":false},"excerpt":{"rendered":"<p>A Comiss\u00e3o de Educa\u00e7\u00e3o (CE) confirmou, em turno suplementar, a aprova\u00e7\u00e3o da proposta que regulamenta a aplica\u00e7\u00e3o de provas e a atribui\u00e7\u00e3o de frequ\u00eancia a alunos impossibilitados de comparecer \u00e0 determinada atividade em raz\u00e3o de cren\u00e7a religiosa ou liberdade de consci\u00eancia (PLC 130\/2009). A mat\u00e9ria \u00e9 terminativa na CE, mas como foi modificada, retorna \u00e0 [&hellip;]<\/p>\n","protected":false},"author":96,"featured_media":94243,"comment_status":"closed","ping_status":"closed","sticky":false,"template":"","format":"standard","meta":{"footnotes":""},"categories":[254],"tags":[],"class_list":["post-94244","post","type-post","status-publish","format-standard","has-post-thumbnail","hentry","category-politica"],"_links":{"self":[{"href":"https:\/\/diarioregionaldigital.com.br\/index.php?rest_route=\/wp\/v2\/posts\/94244","targetHints":{"allow":["GET"]}}],"collection":[{"href":"https:\/\/diarioregionaldigital.com.br\/index.php?rest_route=\/wp\/v2\/posts"}],"about":[{"href":"https:\/\/diarioregionaldigital.com.br\/index.php?rest_route=\/wp\/v2\/types\/post"}],"author":[{"embeddable":true,"href":"https:\/\/diarioregionaldigital.com.br\/index.php?rest_route=\/wp\/v2\/users\/96"}],"replies":[{"embeddable":true,"href":"https:\/\/diarioregionaldigital.com.br\/index.php?rest_route=%2Fwp%2Fv2%2Fcomments&post=94244"}],"version-history":[{"count":0,"href":"https:\/\/diarioregionaldigital.com.br\/index.php?rest_route=\/wp\/v2\/posts\/94244\/revisions"}],"wp:featuredmedia":[{"embeddable":true,"href":"https:\/\/diarioregionaldigital.com.br\/index.php?rest_route=\/wp\/v2\/media\/94243"}],"wp:attachment":[{"href":"https:\/\/diarioregionaldigital.com.br\/index.php?rest_route=%2Fwp%2Fv2%2Fmedia&parent=94244"}],"wp:term":[{"taxonomy":"category","embeddable":true,"href":"https:\/\/diarioregionaldigital.com.br\/index.php?rest_route=%2Fwp%2Fv2%2Fcategories&post=94244"},{"taxonomy":"post_tag","embeddable":true,"href":"https:\/\/diarioregionaldigital.com.br\/index.php?rest_route=%2Fwp%2Fv2%2Ftags&post=94244"}],"curies":[{"name":"wp","href":"https:\/\/api.w.org\/{rel}","templated":true}]}}