{"id":94242,"date":"2018-03-20T20:55:16","date_gmt":"2018-03-20T23:55:16","guid":{"rendered":"http:\/\/diarioregionaljf.com.br\/2018\/03\/20\/juiz-de-fora-tem-sete-casos-confirmados-de-morte-por-febre-amarela\/"},"modified":"2018-03-20T20:55:16","modified_gmt":"2018-03-20T23:55:16","slug":"juiz-de-fora-tem-sete-casos-confirmados-de-morte-por-febre-amarela","status":"publish","type":"post","link":"https:\/\/diarioregionaldigital.com.br\/?p=94242","title":{"rendered":"Juiz de Fora tem sete casos confirmados de morte por febre amarela"},"content":{"rendered":"<p>A Secretaria de Estado de Sa\u00fade de Minas Gerais (SES\/MG) divulgou nesta ter\u00e7a-feira, 20, um novo Boletim Epidemiol\u00f3gico confirmando sete mortes por febre amarela em Juiz de Fora, al\u00e9m de 26 pessoas internadas em decorr\u00eancia da mesma doen\u00e7a. Comparado ao \u00faltimo levantamento, lan\u00e7ado no dia 13 deste m\u00eas, foram tr\u00eas novos casos de interna\u00e7\u00e3o e uma morte a mais.<\/p>\n<p>Conforme dados da Secretaria de Sa\u00fade (SS), o munic\u00edpio j\u00e1 registrou 533.604 doses \u00fanicas de vacina contra febre amarela aplicadas. A taxa de vacina\u00e7\u00e3o j\u00e1 chega a 101,59%. O n\u00famero chama a aten\u00e7\u00e3o por ultrapassar o 100%, o que representaria que toda da popula\u00e7\u00e3o juiz-forana estaria vacinada, entretanto, a Secretaria explica que o n\u00famero leva em conta o acumulado e assim, precisa registrar, por exemplo, pessoas que se vacinam pela segunda vez ou outras cidades e regi\u00f5es.<\/p>\n<p>A vacina\u00e7\u00e3o, por\u00e9m, continua ocorrendo na cidade e quem ainda n\u00e3o se vacinou pode procurar os postos e ficar atento a campanhas de refor\u00e7o que vierem a ocorrer.<\/p>\n<h4>CASOS EM MINAS<\/h4>\n<p>Desde o in\u00edcio do 2\u00ba per\u00edodo de monitoramento da Febre Amarela (julho\/2017 a junho\/2018), foram confirmados 396 casos da doen\u00e7a em Minas Gerais, destes casos, 137 evolu\u00edram para \u00f3bito e outros 650 casos continuam em investiga\u00e7\u00e3o.<\/p>\n<p>Dentre os casos em investiga\u00e7\u00e3o, h\u00e1 registro de 11 pacientes com hist\u00f3rico de vacina\u00e7\u00e3o pr\u00e9via e exame positivo para febre amarela. Esses pacientes permanecem em investiga\u00e7\u00e3o para levantamento de informa\u00e7\u00f5es cl\u00ednicas e epidemiol\u00f3gicas fundamentais para conclus\u00e3o dos casos. Atualmente h\u00e1 uma comiss\u00e3o que investiga esses casos, com a participa\u00e7\u00e3o do Minist\u00e9rio da Sa\u00fade.<\/p>\n<p>Cabe ressaltar que a efic\u00e1cia da vacina contra febre amarela \u00e9 de 95% a 98%, sendo considerada altamente eficaz e segura na preven\u00e7\u00e3o da transmiss\u00e3o do v\u00edrus. Como medida adicional, para a popula\u00e7\u00e3o mais exposta \u00e0 circula\u00e7\u00e3o do v\u00edrus, recomenda-se tamb\u00e9m a utiliza\u00e7\u00e3o de repelente como medida de prote\u00e7\u00e3o individual.<\/p>\n<p>A Organiza\u00e7\u00e3o Mundial de Sa\u00fade recomenda, ratificado pelo Minist\u00e9rio da Sa\u00fade, que uma \u00fanica dose da vacina contra a doen\u00e7a confere prote\u00e7\u00e3o por toda a vida.<\/p>\n<p>Atualmente, a cobertura vacinal acumulada de febre amarela em Minas Gerais est\u00e1 em torno de 90,50%. Ainda h\u00e1 uma estimativa de 1.926.054 pessoas que ainda n\u00e3o foram vacinadas, especialmente na faixa-et\u00e1ria de 15 a 59 anos de idade.<\/p>\n<p>Entre os 853 munic\u00edpios do estado, 205 deles n\u00e3o alcan\u00e7aram 80% de cobertura vacinal; outros 295 dos munic\u00edpios t\u00eam entre 80% e 94,9% de seus moradores vacinados; com mais de 95%, est\u00e3o 354 das cidades mineiras.<\/p>\n","protected":false},"excerpt":{"rendered":"<p>A Secretaria de Estado de Sa\u00fade de Minas Gerais (SES\/MG) divulgou nesta ter\u00e7a-feira, 20, um novo Boletim Epidemiol\u00f3gico confirmando sete mortes por febre amarela em Juiz de Fora, al\u00e9m de 26 pessoas internadas em decorr\u00eancia da mesma doen\u00e7a. Comparado ao \u00faltimo levantamento, lan\u00e7ado no dia 13 deste m\u00eas, foram tr\u00eas novos casos de interna\u00e7\u00e3o e [&hellip;]<\/p>\n","protected":false},"author":96,"featured_media":94241,"comment_status":"closed","ping_status":"closed","sticky":false,"template":"","format":"standard","meta":{"footnotes":""},"categories":[253],"tags":[],"class_list":["post-94242","post","type-post","status-publish","format-standard","has-post-thumbnail","hentry","category-cidade"],"_links":{"self":[{"href":"https:\/\/diarioregionaldigital.com.br\/index.php?rest_route=\/wp\/v2\/posts\/94242","targetHints":{"allow":["GET"]}}],"collection":[{"href":"https:\/\/diarioregionaldigital.com.br\/index.php?rest_route=\/wp\/v2\/posts"}],"about":[{"href":"https:\/\/diarioregionaldigital.com.br\/index.php?rest_route=\/wp\/v2\/types\/post"}],"author":[{"embeddable":true,"href":"https:\/\/diarioregionaldigital.com.br\/index.php?rest_route=\/wp\/v2\/users\/96"}],"replies":[{"embeddable":true,"href":"https:\/\/diarioregionaldigital.com.br\/index.php?rest_route=%2Fwp%2Fv2%2Fcomments&post=94242"}],"version-history":[{"count":0,"href":"https:\/\/diarioregionaldigital.com.br\/index.php?rest_route=\/wp\/v2\/posts\/94242\/revisions"}],"wp:featuredmedia":[{"embeddable":true,"href":"https:\/\/diarioregionaldigital.com.br\/index.php?rest_route=\/wp\/v2\/media\/94241"}],"wp:attachment":[{"href":"https:\/\/diarioregionaldigital.com.br\/index.php?rest_route=%2Fwp%2Fv2%2Fmedia&parent=94242"}],"wp:term":[{"taxonomy":"category","embeddable":true,"href":"https:\/\/diarioregionaldigital.com.br\/index.php?rest_route=%2Fwp%2Fv2%2Fcategories&post=94242"},{"taxonomy":"post_tag","embeddable":true,"href":"https:\/\/diarioregionaldigital.com.br\/index.php?rest_route=%2Fwp%2Fv2%2Ftags&post=94242"}],"curies":[{"name":"wp","href":"https:\/\/api.w.org\/{rel}","templated":true}]}}