{"id":94236,"date":"2018-03-20T20:12:48","date_gmt":"2018-03-20T23:12:48","guid":{"rendered":"http:\/\/diarioregionaljf.com.br\/2018\/03\/20\/mercado-espera-que-copom-reduza-taxa-basica-de-juros-para-6-5-ao-ano\/"},"modified":"2018-03-20T20:12:48","modified_gmt":"2018-03-20T23:12:48","slug":"mercado-espera-que-copom-reduza-taxa-basica-de-juros-para-6-5-ao-ano","status":"publish","type":"post","link":"https:\/\/diarioregionaldigital.com.br\/?p=94236","title":{"rendered":"Mercado espera que Copom reduza taxa b\u00e1sica de juros para 6,5% ao ano"},"content":{"rendered":"<p>O Comit\u00ea de Pol\u00edtica Monet\u00e1ria (Copom) do Banco Central (BC) iniciou nessa ter\u00e7a-feira, 20, em Bras\u00edlia, a segunda reuni\u00e3o do ano, com expectativa do mercado financeiro de redu\u00e7\u00e3o de 0,25 ponto percentual na taxa b\u00e1sica de juros, a Selic. Nesta quarta-feira, 21, ser\u00e1 realizada a segunda e \u00faltima parte da reuni\u00e3o, com an\u00fancio da decis\u00e3o \u00e0s 18h.<\/p>\n<p>Em fevereiro deste ano, o Copom cortou a Selic pela 11\u00aa vez seguida. A taxa Selic caiu em 0,25 ponto percentual, de 7% ao ano para 6,75% ao ano. Agora, poder\u00e1 ir para 6,5%.<\/p>\n<p>Com essa redu\u00e7\u00e3o, a taxa chegou ao menor n\u00edvel de toda a s\u00e9rie hist\u00f3rica do BC, com in\u00edcio em 1986. De outubro de 2012 a abril de 2013, a Selic foi mantida em 7,25% ao ano e passou a ser reajustada gradualmente at\u00e9 alcan\u00e7ar 14,25% ao ano em julho de 2015.<\/p>\n<p>Em outubro de 2016, o Copom voltou a reduzir os juros b\u00e1sicos da economia at\u00e9 que a taxa chegasse a 7% ao ano em dezembro do ano passado, o n\u00edvel mais baixo at\u00e9 ent\u00e3o.<\/p>\n<p>Na reuni\u00e3o passada, o comit\u00ea chegou a dizer que poderia encerrar o ciclo de cortes na Selic este m\u00eas, mas, com a economia em recupera\u00e7\u00e3o e a infla\u00e7\u00e3o mais baixa, o mercado espera por novo corte nos juros b\u00e1sicos.<\/p>\n<h4>JUROS PODEM CAIR<\/h4>\n<p>De acordo com pesquisa do BC junto a institui\u00e7\u00f5es financeiras, a expectativa \u00e9 que a Selic seja reduzida em 0,25 ponto percentual na reuni\u00e3o desta semana e se mantenha em 6,5% ao ano at\u00e9 o fim de 2018.<\/p>\n<p>A expectativa do mercado financeiro \u00e9 que a infla\u00e7\u00e3o, medida pelo \u00cdndice Nacional de Pre\u00e7os ao Consumidor Amplo (IPCA), termine este ano em 3,63%, abaixo do centro da meta: 4,5%.<\/p>\n<p>A taxa b\u00e1sica de juros \u00e9 usada nas negocia\u00e7\u00f5es de t\u00edtulos p\u00fablicos no Sistema Especial de Liquida\u00e7\u00e3o e Cust\u00f3dia (Selic) e serve de refer\u00eancia para as demais taxas de juros da economia.<\/p>\n<p>Ao reajustar a Selic para cima, o Banco Central segura o excesso de demanda que pressiona os pre\u00e7os, porque juros mais altos encarecem o cr\u00e9dito e estimulam a poupan\u00e7a.<\/p>\n<p>Ao reduzir os juros b\u00e1sicos, a tend\u00eancia do Copom \u00e9 baratear o cr\u00e9dito e incentivar a produ\u00e7\u00e3o e o consumo, mas enfraquece o controle da infla\u00e7\u00e3o.<\/p>\n<p>Fonte: Ag\u00eancia Brasil<\/p>\n","protected":false},"excerpt":{"rendered":"<p>O Comit\u00ea de Pol\u00edtica Monet\u00e1ria (Copom) do Banco Central (BC) iniciou nessa ter\u00e7a-feira, 20, em Bras\u00edlia, a segunda reuni\u00e3o do ano, com expectativa do mercado financeiro de redu\u00e7\u00e3o de 0,25 ponto percentual na taxa b\u00e1sica de juros, a Selic. Nesta quarta-feira, 21, ser\u00e1 realizada a segunda e \u00faltima parte da reuni\u00e3o, com an\u00fancio da decis\u00e3o [&hellip;]<\/p>\n","protected":false},"author":96,"featured_media":94235,"comment_status":"closed","ping_status":"closed","sticky":false,"template":"","format":"standard","meta":{"footnotes":""},"categories":[261],"tags":[],"class_list":["post-94236","post","type-post","status-publish","format-standard","has-post-thumbnail","hentry","category-economia"],"_links":{"self":[{"href":"https:\/\/diarioregionaldigital.com.br\/index.php?rest_route=\/wp\/v2\/posts\/94236","targetHints":{"allow":["GET"]}}],"collection":[{"href":"https:\/\/diarioregionaldigital.com.br\/index.php?rest_route=\/wp\/v2\/posts"}],"about":[{"href":"https:\/\/diarioregionaldigital.com.br\/index.php?rest_route=\/wp\/v2\/types\/post"}],"author":[{"embeddable":true,"href":"https:\/\/diarioregionaldigital.com.br\/index.php?rest_route=\/wp\/v2\/users\/96"}],"replies":[{"embeddable":true,"href":"https:\/\/diarioregionaldigital.com.br\/index.php?rest_route=%2Fwp%2Fv2%2Fcomments&post=94236"}],"version-history":[{"count":0,"href":"https:\/\/diarioregionaldigital.com.br\/index.php?rest_route=\/wp\/v2\/posts\/94236\/revisions"}],"wp:featuredmedia":[{"embeddable":true,"href":"https:\/\/diarioregionaldigital.com.br\/index.php?rest_route=\/wp\/v2\/media\/94235"}],"wp:attachment":[{"href":"https:\/\/diarioregionaldigital.com.br\/index.php?rest_route=%2Fwp%2Fv2%2Fmedia&parent=94236"}],"wp:term":[{"taxonomy":"category","embeddable":true,"href":"https:\/\/diarioregionaldigital.com.br\/index.php?rest_route=%2Fwp%2Fv2%2Fcategories&post=94236"},{"taxonomy":"post_tag","embeddable":true,"href":"https:\/\/diarioregionaldigital.com.br\/index.php?rest_route=%2Fwp%2Fv2%2Ftags&post=94236"}],"curies":[{"name":"wp","href":"https:\/\/api.w.org\/{rel}","templated":true}]}}