{"id":94234,"date":"2018-03-20T20:09:59","date_gmt":"2018-03-20T23:09:59","guid":{"rendered":"http:\/\/diarioregionaljf.com.br\/2018\/03\/20\/venezuela-foi-um-dos-assuntos-discutidos-por-brasil-e-colombia\/"},"modified":"2018-03-20T20:09:59","modified_gmt":"2018-03-20T23:09:59","slug":"venezuela-foi-um-dos-assuntos-discutidos-por-brasil-e-colombia","status":"publish","type":"post","link":"https:\/\/diarioregionaldigital.com.br\/?p=94234","title":{"rendered":"Venezuela foi um dos assuntos discutidos por Brasil e Col\u00f4mbia"},"content":{"rendered":"<p>O presidente Michel Temer disse nessa ter\u00e7a-feira, 20, que o \u00eaxodo venezuelano perturba os pa\u00edses da Am\u00e9rica Latina e que deseja a pacifica\u00e7\u00e3o pol\u00edtica do pa\u00eds. O assunto foi um dos abordados durante a visita do presidente da Col\u00f4mbia, Juan Manuel Santos, ao Brasil.<\/p>\n<p>&#8220;O \u00eaxodo venezuelano, para o Brasil e para a Col\u00f4mbia, perturba os pa\u00edses da Am\u00e9rica Latina e n\u00f3s fizemos quest\u00e3o de evidenciar que a nossa rela\u00e7\u00e3o com a Venezuela \u00e9 institucional, \u00e9 de estado e estado, mas n\u00e3o significa que n\u00f3s patrocinemos o que est\u00e1 acontecendo na Venezuela sob foco pol\u00edtico&#8221;, disse Temer \u00e0 imprensa ap\u00f3s reunir-se com Santos no Pal\u00e1cio do Planalto.<\/p>\n<p>&#8220;O que queremos \u00e9 a pacifica\u00e7\u00e3o pol\u00edtica na Venezuela, a democracia plena nas elei\u00e7\u00f5es e a n\u00e3o agress\u00e3o aos que se op\u00f5em ao regime que ora est\u00e1 constitu\u00eddo&#8221;, acrescentou.<\/p>\n<p>Por sua vez, Santos ressaltou que os presidentes fazem um apelo ao presidente venezuelano, Nicol\u00e1s Maduro, para que aceite a ajuda humanit\u00e1ria ofertada por pa\u00edses como a Col\u00f4mbia e Brasil. &#8220;N\u00e3o entendemos como recusam esse tipo de ajuda quando a crise humanit\u00e1ria se agrava dia ap\u00f3s dia&#8221;.<\/p>\n<p>No Brasil, cerca de 32 mil venezuelanos j\u00e1 pediram ref\u00fagio ou resid\u00eancia tempor\u00e1ria desde 2015, quando come\u00e7ou o fluxo migrat\u00f3rio para o pa\u00eds, informou a Casa Civil. Mas o fluxo na fronteira \u00e9 ainda maior, j\u00e1 que muitos deles voltam \u00e0 Venezuela para buscar familiares ou para levar dinheiro para quem ficou. Por dia, entram de 600 a 800 venezuelanos no Brasil, mas eles n\u00e3o necessariamente se estabeleceram aqui.<\/p>\n<p>De acordo com a organiza\u00e7\u00e3o n\u00e3o governamental (ONG) Conectas, 600 mil venezuelanos entraram na Col\u00f4mbia nesse \u00faltimo per\u00edodo de crise, mas o pa\u00eds tem fechado a fronteira em alguns momentos e passou a exigir passaporte dos imigrantes.<\/p>\n<h4>COMBATE AO CRIME ORGANIZADO<\/h4>\n<p>Em 2016, Santos, recebeu o Pr\u00eamio Nobel da Paz, pelos esfor\u00e7os para p\u00f4r fim \u00e0 guerra civil no pa\u00eds, que durou mais de 50 anos e matou pelo menos 220 mil colombianos. Ele firmou um acordo de paz com as For\u00e7as Armadas Revolucion\u00e1rias da Col\u00f4mbia (Farc), a maior guerrilha do pa\u00eds, no qual as Farc se comprometem a abandonar as armas e as t\u00e9cnicas de guerra, al\u00e9m de se tornar um partido pol\u00edtico, a For\u00e7a Alternativa Revolucion\u00e1ria do Comum, que conservou a sigla.<\/p>\n<p>No discurso a imprensa, Santos enfatizou: &#8220;O crime organizado se combate de v\u00e1rias maneiras, mas a mais efetiva \u00e9 a intelig\u00eancia&#8221;. De acordo com ele, a quest\u00e3o das fronteiras do Brasil e Col\u00f4mbia foi tamb\u00e9m discutida no encontro. Os pa\u00edses pretendem fortalecer a rela\u00e7\u00e3o na \u00e1rea de seguran\u00e7a para combater o narcotr\u00e1fico e outras pr\u00e1ticas ilegais.<\/p>\n<p>No brinde feito ap\u00f3s a cerim\u00f4nia no Planalto, no Pal\u00e1cio do Itamaraty, Temer disse: &#8220;A maior coragem \u00e9 harmonizar as rea\u00e7\u00f5es dentro do pa\u00eds e, portanto buscar a paz, isso que \u00e9 corajoso e n\u00e3o foi sem raz\u00e3o que recebeu o Nobel da Paz&#8221;.<\/p>\n<h4>ACORDOS<\/h4>\n<p>O presidente da Col\u00f4mbia, Juan Manuel Santos, veio ao Brasil a convite do presidente Michel Temer, acompanhado por seus ministros das Rela\u00e7\u00f5es Exteriores, da Defesa, do Com\u00e9rcio, da Agricultura e do Meio Ambiente.<\/p>\n<p>Os presidentes trataram de temas da agenda bilateral, como apoio brasileiro ao processo de paz na Col\u00f4mbia, com\u00e9rcio, investimentos, coopera\u00e7\u00e3o em agricultura familiar e desminagem, seguran\u00e7a nas fronteiras e desenvolvimento fronteiri\u00e7o. Tamb\u00e9m abordaram temas regionais, em especial a aproxima\u00e7\u00e3o entre o Mercosul e a Alian\u00e7a do Pac\u00edfico, a crise venezuelana e o fluxo migrat\u00f3rio dela decorrente.<\/p>\n<p>Os pa\u00edses firmaram um entendimento para a coopera\u00e7\u00e3o na agricultura familiar e o desenvolvimento rural e um entendimento para de ajuda bilateral no desenvolvimento de micro, pequenas e m\u00e9dias empresas e artesanato. Al\u00e9m disso, firmaram uma declara\u00e7\u00e3o conjunta que reconhece o Certificado de Origem Digital como instrumento para simplificar os procedimentos comerciais entre Brasil e Col\u00f4mbia.<\/p>\n<p>Segundo o Minist\u00e9rio das Rela\u00e7\u00f5es Exteriores, a Col\u00f4mbia \u00e9 parceira estrat\u00e9gica do Brasil. O com\u00e9rcio bilateral cresceu 25% e alcan\u00e7ou US$3,9 bilh\u00f5es em 2017, com super\u00e1vit para o Brasil de aproximadamente US$1 bilh\u00e3o. Entre as exporta\u00e7\u00f5es brasileiras para a Col\u00f4mbia, 92,8% s\u00e3o produtos manufaturados.<\/p>\n<p>A Ag\u00eancia Brasileira de Promo\u00e7\u00e3o de Exporta\u00e7\u00f5es e Investimentos aponta o pa\u00eds vizinho como segundo destino de interesse para internacionaliza\u00e7\u00e3o de empresas brasileiras, atr\u00e1s somente dos Estados Unidos.<\/p>\n<p>Fonte: Ag\u00eancia Brasil<\/p>\n","protected":false},"excerpt":{"rendered":"<p>O presidente Michel Temer disse nessa ter\u00e7a-feira, 20, que o \u00eaxodo venezuelano perturba os pa\u00edses da Am\u00e9rica Latina e que deseja a pacifica\u00e7\u00e3o pol\u00edtica do pa\u00eds. O assunto foi um dos abordados durante a visita do presidente da Col\u00f4mbia, Juan Manuel Santos, ao Brasil. &#8220;O \u00eaxodo venezuelano, para o Brasil e para a Col\u00f4mbia, perturba [&hellip;]<\/p>\n","protected":false},"author":96,"featured_media":94233,"comment_status":"closed","ping_status":"closed","sticky":false,"template":"","format":"standard","meta":{"footnotes":""},"categories":[254],"tags":[],"class_list":["post-94234","post","type-post","status-publish","format-standard","has-post-thumbnail","hentry","category-politica"],"_links":{"self":[{"href":"https:\/\/diarioregionaldigital.com.br\/index.php?rest_route=\/wp\/v2\/posts\/94234","targetHints":{"allow":["GET"]}}],"collection":[{"href":"https:\/\/diarioregionaldigital.com.br\/index.php?rest_route=\/wp\/v2\/posts"}],"about":[{"href":"https:\/\/diarioregionaldigital.com.br\/index.php?rest_route=\/wp\/v2\/types\/post"}],"author":[{"embeddable":true,"href":"https:\/\/diarioregionaldigital.com.br\/index.php?rest_route=\/wp\/v2\/users\/96"}],"replies":[{"embeddable":true,"href":"https:\/\/diarioregionaldigital.com.br\/index.php?rest_route=%2Fwp%2Fv2%2Fcomments&post=94234"}],"version-history":[{"count":0,"href":"https:\/\/diarioregionaldigital.com.br\/index.php?rest_route=\/wp\/v2\/posts\/94234\/revisions"}],"wp:featuredmedia":[{"embeddable":true,"href":"https:\/\/diarioregionaldigital.com.br\/index.php?rest_route=\/wp\/v2\/media\/94233"}],"wp:attachment":[{"href":"https:\/\/diarioregionaldigital.com.br\/index.php?rest_route=%2Fwp%2Fv2%2Fmedia&parent=94234"}],"wp:term":[{"taxonomy":"category","embeddable":true,"href":"https:\/\/diarioregionaldigital.com.br\/index.php?rest_route=%2Fwp%2Fv2%2Fcategories&post=94234"},{"taxonomy":"post_tag","embeddable":true,"href":"https:\/\/diarioregionaldigital.com.br\/index.php?rest_route=%2Fwp%2Fv2%2Ftags&post=94234"}],"curies":[{"name":"wp","href":"https:\/\/api.w.org\/{rel}","templated":true}]}}