{"id":94230,"date":"2018-03-20T17:21:55","date_gmt":"2018-03-20T20:21:55","guid":{"rendered":"http:\/\/diarioregionaljf.com.br\/2018\/03\/20\/pmr-apreende-100kg-de-maconha-em-carro-que-seguia-de-sp-para-uba\/"},"modified":"2018-03-20T17:21:55","modified_gmt":"2018-03-20T20:21:55","slug":"pmr-apreende-100kg-de-maconha-em-carro-que-seguia-de-sp-para-uba","status":"publish","type":"post","link":"https:\/\/diarioregionaldigital.com.br\/?p=94230","title":{"rendered":"PMR apreende 100kg de maconha em carro que seguia de SP para Ub\u00e1"},"content":{"rendered":"<p>A Pol\u00edcia Militar Rodovi\u00e1ria (PMR) prendeu duas pessoas e apreendeu aproximadamente 100kg de maconha em um ve\u00edculo na AMG 3085, pr\u00f3ximo a represa Dr. Jo\u00e3o Penido. A nova rodovia liga a BR 040 a MG 353, passa por fora do posto de fiscaliza\u00e7\u00e3o da pol\u00edcia e por esse motivo h\u00e1 uma intensifica\u00e7\u00e3o de a\u00e7\u00f5es de fiscaliza\u00e7\u00e3o na \u00e1rea.<\/p>\n<p>De acordo com informa\u00e7\u00f5es da PMR, durante opera\u00e7\u00e3o na regi\u00e3o, um ve\u00edculo Ford Fiesta com placa de Itaquaquecetuba, estado de S\u00e3o Paulo, com tr\u00eas passageiros, foi abordado ap\u00f3s a PMR notar um rebaixamento do carro.<\/p>\n<p>Durante a abordagem, o motorista, de 27 anos e a passageira, de 26 com sua filha de apenas seis meses, aparentavam muito nervosismo, o que levou a policia revistar o interior do carro. Durante as buscas no porta-malas foram localizados 87 tabletes de maconha, totalizando, aproximadamente 100 kg da subst\u00e2ncia.<\/p>\n<p>O motorista alegou trabalhar com aplicativo Uber e que apenas realizava a corrida de SP para a cidade de Ub\u00e1. Tal vers\u00e3o foi contestada pela passageira que, por sua vez, afirmou que o mesmo sabia do esquema, ajudou a colocar o material no carro e ainda teria recebido a quantia de R$1.200 para realizar o transporte da drogas. A jovem tamb\u00e9m recebeu a quantia de R$1.500 para participar do translado do material.<\/p>\n<p>A PMR lamentou o fato de a autora ter utilizado a pr\u00f3pria filha em um crime de tr\u00e1fico de drogas, com o objetivo de despistar a fiscaliza\u00e7\u00e3o.<\/p>\n<p>Os dois autores receberam voz de pris\u00e3o em flagrante e foram encaminhados para autoridades judici\u00e1rias. O Conselho Tutelar foi acionado a fim de realizar os procedimentos envolvendo o beb\u00ea.<\/p>\n","protected":false},"excerpt":{"rendered":"<p>A Pol\u00edcia Militar Rodovi\u00e1ria (PMR) prendeu duas pessoas e apreendeu aproximadamente 100kg de maconha em um ve\u00edculo na AMG 3085, pr\u00f3ximo a represa Dr. Jo\u00e3o Penido. A nova rodovia liga a BR 040 a MG 353, passa por fora do posto de fiscaliza\u00e7\u00e3o da pol\u00edcia e por esse motivo h\u00e1 uma intensifica\u00e7\u00e3o de a\u00e7\u00f5es de [&hellip;]<\/p>\n","protected":false},"author":96,"featured_media":94229,"comment_status":"closed","ping_status":"closed","sticky":false,"template":"","format":"standard","meta":{"footnotes":""},"categories":[252],"tags":[],"class_list":["post-94230","post","type-post","status-publish","format-standard","has-post-thumbnail","hentry","category-regiao"],"_links":{"self":[{"href":"https:\/\/diarioregionaldigital.com.br\/index.php?rest_route=\/wp\/v2\/posts\/94230","targetHints":{"allow":["GET"]}}],"collection":[{"href":"https:\/\/diarioregionaldigital.com.br\/index.php?rest_route=\/wp\/v2\/posts"}],"about":[{"href":"https:\/\/diarioregionaldigital.com.br\/index.php?rest_route=\/wp\/v2\/types\/post"}],"author":[{"embeddable":true,"href":"https:\/\/diarioregionaldigital.com.br\/index.php?rest_route=\/wp\/v2\/users\/96"}],"replies":[{"embeddable":true,"href":"https:\/\/diarioregionaldigital.com.br\/index.php?rest_route=%2Fwp%2Fv2%2Fcomments&post=94230"}],"version-history":[{"count":0,"href":"https:\/\/diarioregionaldigital.com.br\/index.php?rest_route=\/wp\/v2\/posts\/94230\/revisions"}],"wp:featuredmedia":[{"embeddable":true,"href":"https:\/\/diarioregionaldigital.com.br\/index.php?rest_route=\/wp\/v2\/media\/94229"}],"wp:attachment":[{"href":"https:\/\/diarioregionaldigital.com.br\/index.php?rest_route=%2Fwp%2Fv2%2Fmedia&parent=94230"}],"wp:term":[{"taxonomy":"category","embeddable":true,"href":"https:\/\/diarioregionaldigital.com.br\/index.php?rest_route=%2Fwp%2Fv2%2Fcategories&post=94230"},{"taxonomy":"post_tag","embeddable":true,"href":"https:\/\/diarioregionaldigital.com.br\/index.php?rest_route=%2Fwp%2Fv2%2Ftags&post=94230"}],"curies":[{"name":"wp","href":"https:\/\/api.w.org\/{rel}","templated":true}]}}