{"id":94215,"date":"2018-03-20T12:58:43","date_gmt":"2018-03-20T15:58:43","guid":{"rendered":"http:\/\/diarioregionaljf.com.br\/2018\/03\/20\/edital-de-convocacao-sindiprojf-20-03-2018\/"},"modified":"2018-08-13T20:33:27","modified_gmt":"2018-08-13T23:33:27","slug":"edital-de-convocacao-sindiprojf-20-03-2018","status":"publish","type":"post","link":"https:\/\/diarioregionaldigital.com.br\/?p=94215","title":{"rendered":"EDITAL DE CONVOCA\u00c7\u00c3O SINDIPROJF 20\/03\/2018"},"content":{"rendered":"<p>SINDICATO DOS PROPAGANDISTAS PROPAGANDISTAS-VENDEDORES E<br \/>VENDEDORES DE PRODUTOS FARMAC\u00caUTICOS DO SUDESTE DO ESTADO DE MINAS GERAIS \u2013 SINDIPROJF<\/p>\n<p>Pelo presente Edital o Sr. Marcelo da Cunha Caldeira \u2013 Tesoureiro convoca todos os associados das cidades de: Al\u00e9m Para\u00edba, Leopoldina, Cataguases, Astolfo Dutra, Carangola, Ub\u00e1, Visconde do Rio Branco, Vi\u00e7osa, Ponte Nova, Rio Pomba, Tocantins e Juiz de Fora, no gozo de seus direitos sindicais, para a apresenta\u00e7\u00e3o da Presta\u00e7\u00e3o de Contas do Exerc\u00edcio de 2017, que se realizar\u00e1 no dia 29\/03\/2018, com a primeira chamada \u00e0s 9:00 horas, n\u00e3o tendo qu\u00f3rum fica a segunda chamada \u00e0s 9:30 horas com qualquer n\u00famero de participantes, na sua sede, \u00e0 Rua Santa Rita n\u00ba454, sala 301.<\/p>\n<p>Juiz de Fora, 20 de Mar\u00e7o de 2018.<br \/>Marcelo da Cunha Caldeira<br \/>Tesoureiro<\/p>\n","protected":false},"excerpt":{"rendered":"<p>SINDICATO DOS PROPAGANDISTAS PROPAGANDISTAS-VENDEDORES EVENDEDORES DE PRODUTOS FARMAC\u00caUTICOS DO SUDESTE DO ESTADO DE MINAS GERAIS \u2013 SINDIPROJF Pelo presente Edital o Sr. Marcelo da Cunha Caldeira \u2013 Tesoureiro convoca todos os associados das cidades de: Al\u00e9m Para\u00edba, Leopoldina, Cataguases, Astolfo Dutra, Carangola, Ub\u00e1, Visconde do Rio Branco, Vi\u00e7osa, Ponte Nova, Rio Pomba, Tocantins e Juiz [&hellip;]<\/p>\n","protected":false},"author":96,"featured_media":0,"comment_status":"closed","ping_status":"closed","sticky":false,"template":"","format":"standard","meta":{"footnotes":""},"categories":[307],"tags":[],"class_list":["post-94215","post","type-post","status-publish","format-standard","hentry","category-editais"],"_links":{"self":[{"href":"https:\/\/diarioregionaldigital.com.br\/index.php?rest_route=\/wp\/v2\/posts\/94215","targetHints":{"allow":["GET"]}}],"collection":[{"href":"https:\/\/diarioregionaldigital.com.br\/index.php?rest_route=\/wp\/v2\/posts"}],"about":[{"href":"https:\/\/diarioregionaldigital.com.br\/index.php?rest_route=\/wp\/v2\/types\/post"}],"author":[{"embeddable":true,"href":"https:\/\/diarioregionaldigital.com.br\/index.php?rest_route=\/wp\/v2\/users\/96"}],"replies":[{"embeddable":true,"href":"https:\/\/diarioregionaldigital.com.br\/index.php?rest_route=%2Fwp%2Fv2%2Fcomments&post=94215"}],"version-history":[{"count":0,"href":"https:\/\/diarioregionaldigital.com.br\/index.php?rest_route=\/wp\/v2\/posts\/94215\/revisions"}],"wp:attachment":[{"href":"https:\/\/diarioregionaldigital.com.br\/index.php?rest_route=%2Fwp%2Fv2%2Fmedia&parent=94215"}],"wp:term":[{"taxonomy":"category","embeddable":true,"href":"https:\/\/diarioregionaldigital.com.br\/index.php?rest_route=%2Fwp%2Fv2%2Fcategories&post=94215"},{"taxonomy":"post_tag","embeddable":true,"href":"https:\/\/diarioregionaldigital.com.br\/index.php?rest_route=%2Fwp%2Fv2%2Ftags&post=94215"}],"curies":[{"name":"wp","href":"https:\/\/api.w.org\/{rel}","templated":true}]}}