{"id":94213,"date":"2018-03-20T12:55:46","date_gmt":"2018-03-20T15:55:46","guid":{"rendered":"http:\/\/diarioregionaljf.com.br\/2018\/03\/20\/prefeitura-municipal-de-descoberto-20-03-2018\/"},"modified":"2018-08-13T20:33:27","modified_gmt":"2018-08-13T23:33:27","slug":"prefeitura-municipal-de-descoberto-20-03-2018","status":"publish","type":"post","link":"https:\/\/diarioregionaldigital.com.br\/?p=94213","title":{"rendered":"PREFEITURA MUNICIPAL DE DESCOBERTO 20\/03\/2018"},"content":{"rendered":"<p>EXTRATO DE CONTRATO<\/p>\n<p>Pref. Municipal de Descoberto x Cigma Solu\u00e7\u00f5es Integradas para Administra\u00e7\u00e3o P\u00fablica Ltda- EPP &#8211; Objeto: Presta\u00e7\u00e3o de servi\u00e7os no cadastro dos bens m\u00f3veis e im\u00f3veis da prefeitura, no sistema patrimonial do exerc\u00edcio anterior &#8211; Fundamento: Dispensa 002\/2018 \u2013 Valor Global: 3.200,00\u2013 Vig\u00eancia: 1 m\u00eas \u2013 Dot or\u00e7: 02.02000.04.122.0002.218-339030\/100 &#8211; Ass: 21\/02\/2018- Foro: S\u00e3o Jo\u00e3o Nepomuceno\/MG.<\/p>\n<p>Marcos de Ara\u00fajo Lima<\/p>\n<p>Prefeito Municipal<\/p>\n","protected":false},"excerpt":{"rendered":"<p>EXTRATO DE CONTRATO Pref. Municipal de Descoberto x Cigma Solu\u00e7\u00f5es Integradas para Administra\u00e7\u00e3o P\u00fablica Ltda- EPP &#8211; Objeto: Presta\u00e7\u00e3o de servi\u00e7os no cadastro dos bens m\u00f3veis e im\u00f3veis da prefeitura, no sistema patrimonial do exerc\u00edcio anterior &#8211; Fundamento: Dispensa 002\/2018 \u2013 Valor Global: 3.200,00\u2013 Vig\u00eancia: 1 m\u00eas \u2013 Dot or\u00e7: 02.02000.04.122.0002.218-339030\/100 &#8211; Ass: 21\/02\/2018- Foro: [&hellip;]<\/p>\n","protected":false},"author":96,"featured_media":0,"comment_status":"closed","ping_status":"closed","sticky":false,"template":"","format":"standard","meta":{"footnotes":""},"categories":[307],"tags":[],"class_list":["post-94213","post","type-post","status-publish","format-standard","hentry","category-editais"],"_links":{"self":[{"href":"https:\/\/diarioregionaldigital.com.br\/index.php?rest_route=\/wp\/v2\/posts\/94213","targetHints":{"allow":["GET"]}}],"collection":[{"href":"https:\/\/diarioregionaldigital.com.br\/index.php?rest_route=\/wp\/v2\/posts"}],"about":[{"href":"https:\/\/diarioregionaldigital.com.br\/index.php?rest_route=\/wp\/v2\/types\/post"}],"author":[{"embeddable":true,"href":"https:\/\/diarioregionaldigital.com.br\/index.php?rest_route=\/wp\/v2\/users\/96"}],"replies":[{"embeddable":true,"href":"https:\/\/diarioregionaldigital.com.br\/index.php?rest_route=%2Fwp%2Fv2%2Fcomments&post=94213"}],"version-history":[{"count":0,"href":"https:\/\/diarioregionaldigital.com.br\/index.php?rest_route=\/wp\/v2\/posts\/94213\/revisions"}],"wp:attachment":[{"href":"https:\/\/diarioregionaldigital.com.br\/index.php?rest_route=%2Fwp%2Fv2%2Fmedia&parent=94213"}],"wp:term":[{"taxonomy":"category","embeddable":true,"href":"https:\/\/diarioregionaldigital.com.br\/index.php?rest_route=%2Fwp%2Fv2%2Fcategories&post=94213"},{"taxonomy":"post_tag","embeddable":true,"href":"https:\/\/diarioregionaldigital.com.br\/index.php?rest_route=%2Fwp%2Fv2%2Ftags&post=94213"}],"curies":[{"name":"wp","href":"https:\/\/api.w.org\/{rel}","templated":true}]}}