{"id":94212,"date":"2018-03-20T12:50:06","date_gmt":"2018-03-20T15:50:06","guid":{"rendered":"http:\/\/diarioregionaljf.com.br\/2018\/03\/20\/helicoptero-da-pm-com-apoio-do-samu-transfere-recem-nascido-de-leopoldina-para-juiz-de-fora\/"},"modified":"2018-03-20T12:50:06","modified_gmt":"2018-03-20T15:50:06","slug":"helicoptero-da-pm-com-apoio-do-samu-transfere-recem-nascido-de-leopoldina-para-juiz-de-fora","status":"publish","type":"post","link":"https:\/\/diarioregionaldigital.com.br\/?p=94212","title":{"rendered":"Helic\u00f3ptero da PM com apoio do SAMU transfere rec\u00e9m-nascido de Leopoldina para Juiz de Fora"},"content":{"rendered":"<p>Na come\u00e7o da tarde dessa segunda-feira, 19, um rec\u00e9m-nascido na Casa de Caridade Leopoldinense (CCL) foi transferido em um helic\u00f3ptero da Pol\u00edcia Militar, com apoio do SAMU, para a Unidade de Terapia Intensiva (UTI) Neonatal do Hospital Jo\u00e3o Penido, em Juiz de Fora. De acordo com informa\u00e7\u00f5es obtidas pela reportagem do Jornal O Vigilante, o beb\u00ea prematuro nasceu no \u00faltimo dia 15 de mar\u00e7o, quinta-feira, e necessitava ser internado em uma UTI Neonatal.<\/p>\n<p>O helic\u00f3ptero saiu de Juiz de Fora pouco depois das 10h00 e aterrissou em Leopoldina \u00e0s 10h30 no gramado do Est\u00e1dio Guanahyro Fraga Mota. Enquanto isso, na Casa de Caridade, uma equipe do SAMU, composta pelo m\u00e9dico Murilo, a enfermeira Paula e o condutor socorrista Thiago, iniciava os preparativos para que a crian\u00e7a fosse levada em seguran\u00e7a no trajeto entre a CCL e o Est\u00e1dio, localizado na Rua Coronel Olivier Fajardo.<\/p>\n<p>Assim que a viatura do SAMU chegou ao local onde estava o helic\u00f3ptero, militares e equipe do SAMU retiraram o beb\u00ea da ambul\u00e2ncia e o levaram para dentro da aeronave. Durante todo procedimento, o Sargento Jonields, do 4\u00ba Pelot\u00e3o de Bombeiros Militar de Leopoldina permaneceu no local para ajudar as equipes em qualquer eventualidade. \u00c0s 12h14 o helic\u00f3ptero levantou v\u00f4o com destino ao campo de futebol pr\u00f3ximo ao Hospital Jo\u00e3o Penido, levando o rec\u00e9m-nascido, juntamente com o m\u00e9dico Dr. Murilo e a enfermeira Paula, do SAMU de Leopoldina.<\/p>\n<h4>UTI NEONATAL EM LEOPOLDINA<\/h4>\n<p>A CCL ainda n\u00e3o disp\u00f5e de uma UTI Neonatal, para onde s\u00e3o levados os beb\u00eas rec\u00e9m-nascidos que apresentam algum risco de vida, e todos os que nascem prematuros. Segundo explicou Wolney Aguilar, administrador hospitalar da Casa de Caridade, a entidade mant\u00e9m dois leitos de UTI intermedi\u00e1ria, que n\u00e3o s\u00e3o credenciados pelo SUS, ou seja, s\u00e3o custeados pela pr\u00f3pria CCL, exatamente para atender casos como o do beb\u00ea transferido nesta segunda-feira. \u201cTransfer\u00eancias como esta s\u00e3o vi\u00e1veis gra\u00e7as a estes dois leitos mantidos pela Casa de Caridade e ao trabalho das nossas equipes m\u00e9dicas e de enfermagem. Apesar das dificuldades, estamos trabalhando para conseguir a implanta\u00e7\u00e3o da UTI Neonatal em Leopoldina, o que se faz necess\u00e1rio\u201d, esclareceu Wolney, destacando que a Casa de Caridade Leopoldinense e seus profissionais t\u00eam compet\u00eancia para a realiza\u00e7\u00e3o de partos de alto risco e a estabiliza\u00e7\u00e3o do rec\u00e9m-nascido.<\/p>\n<p>Fonte: O Vigilante Online<\/p>\n","protected":false},"excerpt":{"rendered":"<p>Na come\u00e7o da tarde dessa segunda-feira, 19, um rec\u00e9m-nascido na Casa de Caridade Leopoldinense (CCL) foi transferido em um helic\u00f3ptero da Pol\u00edcia Militar, com apoio do SAMU, para a Unidade de Terapia Intensiva (UTI) Neonatal do Hospital Jo\u00e3o Penido, em Juiz de Fora. De acordo com informa\u00e7\u00f5es obtidas pela reportagem do Jornal O Vigilante, o [&hellip;]<\/p>\n","protected":false},"author":96,"featured_media":94211,"comment_status":"closed","ping_status":"closed","sticky":false,"template":"","format":"standard","meta":{"footnotes":""},"categories":[252],"tags":[],"class_list":["post-94212","post","type-post","status-publish","format-standard","has-post-thumbnail","hentry","category-regiao"],"_links":{"self":[{"href":"https:\/\/diarioregionaldigital.com.br\/index.php?rest_route=\/wp\/v2\/posts\/94212","targetHints":{"allow":["GET"]}}],"collection":[{"href":"https:\/\/diarioregionaldigital.com.br\/index.php?rest_route=\/wp\/v2\/posts"}],"about":[{"href":"https:\/\/diarioregionaldigital.com.br\/index.php?rest_route=\/wp\/v2\/types\/post"}],"author":[{"embeddable":true,"href":"https:\/\/diarioregionaldigital.com.br\/index.php?rest_route=\/wp\/v2\/users\/96"}],"replies":[{"embeddable":true,"href":"https:\/\/diarioregionaldigital.com.br\/index.php?rest_route=%2Fwp%2Fv2%2Fcomments&post=94212"}],"version-history":[{"count":0,"href":"https:\/\/diarioregionaldigital.com.br\/index.php?rest_route=\/wp\/v2\/posts\/94212\/revisions"}],"wp:featuredmedia":[{"embeddable":true,"href":"https:\/\/diarioregionaldigital.com.br\/index.php?rest_route=\/wp\/v2\/media\/94211"}],"wp:attachment":[{"href":"https:\/\/diarioregionaldigital.com.br\/index.php?rest_route=%2Fwp%2Fv2%2Fmedia&parent=94212"}],"wp:term":[{"taxonomy":"category","embeddable":true,"href":"https:\/\/diarioregionaldigital.com.br\/index.php?rest_route=%2Fwp%2Fv2%2Fcategories&post=94212"},{"taxonomy":"post_tag","embeddable":true,"href":"https:\/\/diarioregionaldigital.com.br\/index.php?rest_route=%2Fwp%2Fv2%2Ftags&post=94212"}],"curies":[{"name":"wp","href":"https:\/\/api.w.org\/{rel}","templated":true}]}}