{"id":94210,"date":"2018-03-20T12:41:49","date_gmt":"2018-03-20T15:41:49","guid":{"rendered":"http:\/\/diarioregionaljf.com.br\/2018\/03\/20\/prefeito-empossa-primeiro-conselho-municipal-de-protecao-dos-animais\/"},"modified":"2018-03-20T12:41:49","modified_gmt":"2018-03-20T15:41:49","slug":"prefeito-empossa-primeiro-conselho-municipal-de-protecao-dos-animais","status":"publish","type":"post","link":"https:\/\/diarioregionaldigital.com.br\/?p=94210","title":{"rendered":"Prefeito empossa primeiro Conselho Municipal de Prote\u00e7\u00e3o dos Animais"},"content":{"rendered":"<p>Foi empossada, na tarde dessa segunda-feira, 19, a primeira comiss\u00e3o a compor o Conselho Municipal de Prote\u00e7\u00e3o dos Animais (Compa). Trata-se de um \u00f3rg\u00e3o parit\u00e1rio, formado por integrantes da sociedade civil e representantes do governo e do legislativo. S\u00e3o 24 conselheiros, entre titulares e suplentes.<\/p>\n<p>O \u00f3rg\u00e3o \u00e9 normatizado pela Lei 13.342, de 19 de abril de 2016, tendo como atribui\u00e7\u00f5es fiscalizar, acompanhar, avaliar e propor a\u00e7\u00f5es municipais relacionadas \u00e0 prote\u00e7\u00e3o animal. Al\u00e9m disso, a cria\u00e7\u00e3o do \u00f3rg\u00e3o tem o objetivo de incentivar a realiza\u00e7\u00e3o de eventos, estudos e programas de pesquisas direcionados a tais pol\u00edticas. O Compa \u00e9 vinculado ao Departamento Municipal de Limpeza Urbana (Demlurb), que fica respons\u00e1vel por garantir infraestrutura e recursos materiais e humanos para seu funcionamento.<\/p>\n<p>Segundo o diretor-geral do Demlurb, Jefferson Rodrigues, \u201chaver\u00e1 continuidade das parcerias j\u00e1 existentes com os protetores, as Ong\u2019s e com a UFJF. Esse \u00e9 mais um passo para o desenvolvimento das pol\u00edticas p\u00fablicas de prote\u00e7\u00e3o animal em Juiz de Fora\u201d. Pol\u00edticas que n\u00e3o existiam na cidade antes de 2014, segundo a gerente do Departamento de Controle Animal (Dcan), Miriam Neder.<\/p>\n<p>Maria Elisa de Souza, representante da Sociedade Juizforense de Prote\u00e7\u00e3o aos Animais e ao Meio Ambiente (SJPA), diz que \u201ca posse do conselho \u00e9 a gl\u00f3ria depois de muitos anos de luta pelo direito dos animais. Temos uma equipe respons\u00e1vel para fazer as interven\u00e7\u00f5es necess\u00e1rias, dando continuidade ao trabalho de prote\u00e7\u00e3o ao animal abandonado\u201d.<\/p>\n<p>O conselho \u00e9 composto por representantes do Demlurb, das secretarias de Sa\u00fade, do Meio Ambiente, de Agropecu\u00e1ria e Abastecimento, de Educa\u00e7\u00e3o, de Atividades Urbanas. A C\u00e2mara Municipal de Juiz de Fora tamb\u00e9m ocupa uma cadeira no Compa. Os outros titulares s\u00e3o: dois protetores independentes, uma sociedade protetora e uma representante da Comiss\u00e3o de Direitos dos Animais da Subse\u00e7\u00e3o da Ordem dos Advogados do Brasil.<\/p>\n<p>Fonte: Assessoria \/ PJF<\/p>\n","protected":false},"excerpt":{"rendered":"<p>Foi empossada, na tarde dessa segunda-feira, 19, a primeira comiss\u00e3o a compor o Conselho Municipal de Prote\u00e7\u00e3o dos Animais (Compa). Trata-se de um \u00f3rg\u00e3o parit\u00e1rio, formado por integrantes da sociedade civil e representantes do governo e do legislativo. S\u00e3o 24 conselheiros, entre titulares e suplentes. O \u00f3rg\u00e3o \u00e9 normatizado pela Lei 13.342, de 19 de [&hellip;]<\/p>\n","protected":false},"author":96,"featured_media":94209,"comment_status":"closed","ping_status":"closed","sticky":false,"template":"","format":"standard","meta":{"footnotes":""},"categories":[253],"tags":[],"class_list":["post-94210","post","type-post","status-publish","format-standard","has-post-thumbnail","hentry","category-cidade"],"_links":{"self":[{"href":"https:\/\/diarioregionaldigital.com.br\/index.php?rest_route=\/wp\/v2\/posts\/94210","targetHints":{"allow":["GET"]}}],"collection":[{"href":"https:\/\/diarioregionaldigital.com.br\/index.php?rest_route=\/wp\/v2\/posts"}],"about":[{"href":"https:\/\/diarioregionaldigital.com.br\/index.php?rest_route=\/wp\/v2\/types\/post"}],"author":[{"embeddable":true,"href":"https:\/\/diarioregionaldigital.com.br\/index.php?rest_route=\/wp\/v2\/users\/96"}],"replies":[{"embeddable":true,"href":"https:\/\/diarioregionaldigital.com.br\/index.php?rest_route=%2Fwp%2Fv2%2Fcomments&post=94210"}],"version-history":[{"count":0,"href":"https:\/\/diarioregionaldigital.com.br\/index.php?rest_route=\/wp\/v2\/posts\/94210\/revisions"}],"wp:featuredmedia":[{"embeddable":true,"href":"https:\/\/diarioregionaldigital.com.br\/index.php?rest_route=\/wp\/v2\/media\/94209"}],"wp:attachment":[{"href":"https:\/\/diarioregionaldigital.com.br\/index.php?rest_route=%2Fwp%2Fv2%2Fmedia&parent=94210"}],"wp:term":[{"taxonomy":"category","embeddable":true,"href":"https:\/\/diarioregionaldigital.com.br\/index.php?rest_route=%2Fwp%2Fv2%2Fcategories&post=94210"},{"taxonomy":"post_tag","embeddable":true,"href":"https:\/\/diarioregionaldigital.com.br\/index.php?rest_route=%2Fwp%2Fv2%2Ftags&post=94210"}],"curies":[{"name":"wp","href":"https:\/\/api.w.org\/{rel}","templated":true}]}}