{"id":94196,"date":"2018-03-20T11:54:13","date_gmt":"2018-03-20T14:54:13","guid":{"rendered":"http:\/\/diarioregionaljf.com.br\/2018\/03\/20\/presidente-da-camara-apoia-liberacao-de-r-3-1-bilhoes-para-intervencao-no-rio\/"},"modified":"2018-03-20T11:54:13","modified_gmt":"2018-03-20T14:54:13","slug":"presidente-da-camara-apoia-liberacao-de-r-3-1-bilhoes-para-intervencao-no-rio","status":"publish","type":"post","link":"https:\/\/diarioregionaldigital.com.br\/?p=94196","title":{"rendered":"Presidente da C\u00e2mara apoia libera\u00e7\u00e3o de R$ 3,1 bilh\u00f5es para interven\u00e7\u00e3o no Rio"},"content":{"rendered":"<p>O presidente da C\u00e2mara, Rodrigo Maia, est\u00e1 confiante em uma solu\u00e7\u00e3o para o financiamento da interven\u00e7\u00e3o federal na \u00e1rea de seguran\u00e7a do Rio. O deputado concorda com o interventor federal, general Walter Braga Netto, de que a interven\u00e7\u00e3o precisa de R$ 3,1 bilh\u00f5es em recursos para cobrir d\u00edvidas com fornecedores e botar os sal\u00e1rios em dia na \u00e1rea de seguran\u00e7a p\u00fablica. Desse valor, R$ 1,5 bilh\u00e3o teria que ser liberado ainda este ano, segundo ele.<\/p>\n<p>A conta de R$ 3,1 bilh\u00f5es foi apresentado na manh\u00e3 dessa segunda-feira, 19, por Braga Netto em reuni\u00e3o com deputados federais do Rio. Segundo parlamentares que participaram do encontro, o interventor apresentou a necessidade de obter R$ 1,5 bilh\u00e3o para as a\u00e7\u00f5es necess\u00e1rias para este ano e R$ 1,6 bilh\u00e3o para passivos j\u00e1 existentes na seguran\u00e7a p\u00fablica do estado.<\/p>\n<p>Para Rodrigo Maia, a diferen\u00e7a de valores nos recursos da interven\u00e7\u00e3o entre o que estima o governo, em torno de R$ 800 milh\u00f5es, e o que pede o interventor, pode ser resolvida com a discuss\u00e3o dos projetos que j\u00e1 tramitam na C\u00e2mara e com a medida provis\u00f3ria do Executivo alocando recursos para a \u00e1rea de seguran\u00e7a. \u201cVai passar pelo Congresso e a gente p\u00f5e pouco mais do que R$ 800 milh\u00f5es\u201d, disse.<\/p>\n<p>Maia fez a an\u00e1lise ap\u00f3s participar de uma palestra para empres\u00e1rios cariocas, organizada pelo Grupo de L\u00edderes Empresariais (Lide) Rio.<\/p>\n<h4>RECURSOS DA REONERA\u00c7\u00c3O<\/h4>\n<p>A possibilidade de usar recursos vindos da reonera\u00e7\u00e3o da folha de pagamento de setores empresariais para custear os gastos com a interven\u00e7\u00e3o, conforme cogitou nessa segunda-feira o ministro da Fazenda, Henrique Meirelles, pode facilitar a aprova\u00e7\u00e3o da proposta, segundo Rodrigo Maia. Originalmente, o governo pretende arrecadar R$ 10 bilh\u00f5es a partir da aprova\u00e7\u00e3o.<\/p>\n<p>De acordo com o presidente da C\u00e2mara, a aprova\u00e7\u00e3o desse projeto de lei \u00e9 dif\u00edcil porque mexe com alguns setores com boa representa\u00e7\u00e3o na C\u00e2mara, mas ponderou que, com a vincula\u00e7\u00e3o do dinheiro para a seguran\u00e7a, fica mais f\u00e1cill. Maia, entretanto, disse o texto ter\u00e1 que sofrer altera\u00e7\u00f5es. Segundo ele, a proposta original, que mant\u00e9m a desonera\u00e7\u00e3o em apenas seis setores, n\u00e3o passa.<\/p>\n<p>\u201cN\u00f3s chegamos a 16 setores, com 40 fora, 40 reonerados. N\u00e3o d\u00e1 para ser s\u00f3 os seis porque n\u00e3o tem voto na C\u00e2mara [para aprovar]. Tem que ser baseado naquilo que a gente j\u00e1 est\u00e1 negociando, que n\u00e3o \u00e9 de economia os mesmos R$ 10 bi que o governo espera. O que a gente espera aprovar \u00e9 uma economia de R$ 6 bilh\u00f5es e desses R$ 6 bi, pelo menos R$ 1,5 bilh\u00e3o tem que vir para o Rio de Janeiro\u201d, afirmou.<\/p>\n<h4>RECURSOS PARA O GOVERNO<\/h4>\n<p>Maia acrescentou que a C\u00e2mara tem uma agenda de curto prazo que pode ajudar o governo federal com mais recursos, como a privatiza\u00e7\u00e3o da Eletrobras, em cujo sucesso de aprova\u00e7\u00e3o, apesar das dificuldades, ele ainda acredita. \u201cEu ainda estou otimista, mas um otimismo preocupado, porque senti, na semana passada, que o ambiente para se votar a privatiza\u00e7\u00e3o n\u00e3o \u00e9 um ambiente t\u00e3o simples. Para se instalar a comiss\u00e3o, na semana passada, foi dif\u00edcil\u201d, disse.<\/p>\n<p>O presidente da C\u00e2mara revelou que vai se reunir nesta ter\u00e7a-feira, 20, com a equipe econ\u00f4mica do governo Temer e com o Banco Central para analisar projetos de medidas microecon\u00f4micas que podem ser votados na C\u00e2mara. Como exemplo, citou o cadastro positivo do consumidor e a autonomia do Banco Central. \u201cA gente vai amanha fechar o texto para tentar introduzir esse debate tamb\u00e9m na C\u00e2mara dos Deputados nos pr\u00f3ximos dias\u201d, afirmou.<\/p>\n<p>Segundo Maia, a Casa tamb\u00e9m vai concentrar esfor\u00e7os na agenda de seguran\u00e7a, a partir de dois projetos que ele considera fundamentais. Um \u00e9 da regulamenta\u00e7\u00e3o do Sistema Integrado de Seguran\u00e7a P\u00fablica e o outro \u00e9 o projeto de enfrentamento do tr\u00e1fico de drogas e armas, que tem a participa\u00e7\u00e3o do ministro do Supremo Tribunal Federal (STF) Alexandre de Morais. \u201cNa \u00e1rea de seguran\u00e7a, s\u00e3o esses dois projetos que eu acho que a C\u00e2mara e o Senado, o Congresso, tem condi\u00e7\u00e3o de colaborar com a pol\u00edtica nacional de seguran\u00e7a e, em consequ\u00eancia, com a interven\u00e7\u00e3o no Rio de Janeiro\u201d.<\/p>\n<p>Fonte: Ag\u00eancia Brasil<\/p>\n","protected":false},"excerpt":{"rendered":"<p>O presidente da C\u00e2mara, Rodrigo Maia, est\u00e1 confiante em uma solu\u00e7\u00e3o para o financiamento da interven\u00e7\u00e3o federal na \u00e1rea de seguran\u00e7a do Rio. O deputado concorda com o interventor federal, general Walter Braga Netto, de que a interven\u00e7\u00e3o precisa de R$ 3,1 bilh\u00f5es em recursos para cobrir d\u00edvidas com fornecedores e botar os sal\u00e1rios em [&hellip;]<\/p>\n","protected":false},"author":96,"featured_media":94195,"comment_status":"closed","ping_status":"closed","sticky":false,"template":"","format":"standard","meta":{"footnotes":""},"categories":[254],"tags":[],"class_list":["post-94196","post","type-post","status-publish","format-standard","has-post-thumbnail","hentry","category-politica"],"_links":{"self":[{"href":"https:\/\/diarioregionaldigital.com.br\/index.php?rest_route=\/wp\/v2\/posts\/94196","targetHints":{"allow":["GET"]}}],"collection":[{"href":"https:\/\/diarioregionaldigital.com.br\/index.php?rest_route=\/wp\/v2\/posts"}],"about":[{"href":"https:\/\/diarioregionaldigital.com.br\/index.php?rest_route=\/wp\/v2\/types\/post"}],"author":[{"embeddable":true,"href":"https:\/\/diarioregionaldigital.com.br\/index.php?rest_route=\/wp\/v2\/users\/96"}],"replies":[{"embeddable":true,"href":"https:\/\/diarioregionaldigital.com.br\/index.php?rest_route=%2Fwp%2Fv2%2Fcomments&post=94196"}],"version-history":[{"count":0,"href":"https:\/\/diarioregionaldigital.com.br\/index.php?rest_route=\/wp\/v2\/posts\/94196\/revisions"}],"wp:featuredmedia":[{"embeddable":true,"href":"https:\/\/diarioregionaldigital.com.br\/index.php?rest_route=\/wp\/v2\/media\/94195"}],"wp:attachment":[{"href":"https:\/\/diarioregionaldigital.com.br\/index.php?rest_route=%2Fwp%2Fv2%2Fmedia&parent=94196"}],"wp:term":[{"taxonomy":"category","embeddable":true,"href":"https:\/\/diarioregionaldigital.com.br\/index.php?rest_route=%2Fwp%2Fv2%2Fcategories&post=94196"},{"taxonomy":"post_tag","embeddable":true,"href":"https:\/\/diarioregionaldigital.com.br\/index.php?rest_route=%2Fwp%2Fv2%2Ftags&post=94196"}],"curies":[{"name":"wp","href":"https:\/\/api.w.org\/{rel}","templated":true}]}}