{"id":94194,"date":"2018-03-20T11:28:10","date_gmt":"2018-03-20T14:28:10","guid":{"rendered":"http:\/\/diarioregionaljf.com.br\/2018\/03\/20\/trabalhador-de-ferro-velho-encontra-granada-da-decada-de-50-no-milho-branco\/"},"modified":"2018-03-20T11:28:10","modified_gmt":"2018-03-20T14:28:10","slug":"trabalhador-de-ferro-velho-encontra-granada-da-decada-de-50-no-milho-branco","status":"publish","type":"post","link":"https:\/\/diarioregionaldigital.com.br\/?p=94194","title":{"rendered":"Trabalhador de ferro velho encontra granada da d\u00e9cada de 50 no Milho Branco"},"content":{"rendered":"<p>Uma granada fabricada em 1950 foi encontrada pelo funcion\u00e1rio de um ferro velho na Rua Doutor Milton Ladeira, bairro Milho Branco, zona Norte da cidade, na manh\u00e3 dessa segunda-feira, 19.<\/p>\n<p>Conforme informa\u00e7\u00f5es da Pol\u00edcia Militar (PM), o objeto foi encontrado em meio aos entulhos do local. Uma equipe do Ex\u00e9rcito Brasileiro (EB) foi acionada e um tenente compareceu ao ferro velho. O oficial constatou se tratar de uma granada 105 mil\u00edmetros da artilharia do EB, ano de fabrica\u00e7\u00e3o 1950.<\/p>\n<p>O tenente efetuou o recolhimento da granada.<\/p>\n","protected":false},"excerpt":{"rendered":"<p>Uma granada fabricada em 1950 foi encontrada pelo funcion\u00e1rio de um ferro velho na Rua Doutor Milton Ladeira, bairro Milho Branco, zona Norte da cidade, na manh\u00e3 dessa segunda-feira, 19. Conforme informa\u00e7\u00f5es da Pol\u00edcia Militar (PM), o objeto foi encontrado em meio aos entulhos do local. Uma equipe do Ex\u00e9rcito Brasileiro (EB) foi acionada e [&hellip;]<\/p>\n","protected":false},"author":96,"featured_media":94193,"comment_status":"closed","ping_status":"closed","sticky":false,"template":"","format":"standard","meta":{"footnotes":""},"categories":[301],"tags":[],"class_list":["post-94194","post","type-post","status-publish","format-standard","has-post-thumbnail","hentry","category-artigos-policiais"],"_links":{"self":[{"href":"https:\/\/diarioregionaldigital.com.br\/index.php?rest_route=\/wp\/v2\/posts\/94194","targetHints":{"allow":["GET"]}}],"collection":[{"href":"https:\/\/diarioregionaldigital.com.br\/index.php?rest_route=\/wp\/v2\/posts"}],"about":[{"href":"https:\/\/diarioregionaldigital.com.br\/index.php?rest_route=\/wp\/v2\/types\/post"}],"author":[{"embeddable":true,"href":"https:\/\/diarioregionaldigital.com.br\/index.php?rest_route=\/wp\/v2\/users\/96"}],"replies":[{"embeddable":true,"href":"https:\/\/diarioregionaldigital.com.br\/index.php?rest_route=%2Fwp%2Fv2%2Fcomments&post=94194"}],"version-history":[{"count":0,"href":"https:\/\/diarioregionaldigital.com.br\/index.php?rest_route=\/wp\/v2\/posts\/94194\/revisions"}],"wp:featuredmedia":[{"embeddable":true,"href":"https:\/\/diarioregionaldigital.com.br\/index.php?rest_route=\/wp\/v2\/media\/94193"}],"wp:attachment":[{"href":"https:\/\/diarioregionaldigital.com.br\/index.php?rest_route=%2Fwp%2Fv2%2Fmedia&parent=94194"}],"wp:term":[{"taxonomy":"category","embeddable":true,"href":"https:\/\/diarioregionaldigital.com.br\/index.php?rest_route=%2Fwp%2Fv2%2Fcategories&post=94194"},{"taxonomy":"post_tag","embeddable":true,"href":"https:\/\/diarioregionaldigital.com.br\/index.php?rest_route=%2Fwp%2Fv2%2Ftags&post=94194"}],"curies":[{"name":"wp","href":"https:\/\/api.w.org\/{rel}","templated":true}]}}