{"id":94192,"date":"2018-03-20T11:11:40","date_gmt":"2018-03-20T14:11:40","guid":{"rendered":"http:\/\/diarioregionaljf.com.br\/2018\/03\/20\/mulher-esfaqueia-namorado-no-bairro-vale-verde\/"},"modified":"2018-03-20T11:11:40","modified_gmt":"2018-03-20T14:11:40","slug":"mulher-esfaqueia-namorado-no-bairro-vale-verde","status":"publish","type":"post","link":"https:\/\/diarioregionaldigital.com.br\/?p=94192","title":{"rendered":"Mulher esfaqueia namorado no bairro Vale Verde"},"content":{"rendered":"<p>Um mulher de 26 anos foi detida ap\u00f3s esfaquear o namorado no bairro Vale Verde, zona Sul de Juiz de Fora, no in\u00edcio da madrugada desta ter\u00e7a-feira, 20. Os dois estariam na casa da autora, bebendo na companhia de um amigo, e teriam se desentendido. A mulher alega ter sido agredida pela v\u00edtima.<\/p>\n<p>De acordo com informa\u00e7\u00f5es do Boletim de Ocorr\u00eancia (BO) da Pol\u00edcia Militar (PM), a autora, que apresentava sinais de embriagu\u00eas, relatou que pediu ao namorado para que fosse embora. O mesmo se recusou a sair da casa e teria puxado a mulher pelos cabelos, arrastando-a pelo ch\u00e3o. O amigo do casal, um homem de 29 anos, teria separado a briga. Na sequ\u00eancia, com raiva do namorado, a autora deu dois golpes de faca no mesmo, um nas costas e outro no pesco\u00e7o.<\/p>\n<p>Ainda conforme o BO, militares se deslocaram at\u00e9 a Unidade de Pronto Atendimento (UPA) do bairro Santa Luzia, onde a v\u00edtima estava recebendo os primeiros socorros em uma viatura do Servi\u00e7o de Atendimento M\u00f3vel de Urg\u00eancia (SAMU). Foram constatadas duas perfura\u00e7\u00f5es, no pesco\u00e7o e nas costas do homem. Segundo a PM, o mesmo encontrava-se com dificuldades para falar e tamb\u00e9m apresentava sinais de embriagu\u00eas, mas confirmou aos policiais que foi esfaqueado pela namorada.<\/p>\n<p>Os militares n\u00e3o localizaram a testemunha, mas familiares e populares relataram que o homem estaria bebendo com o casal e teria presenciado os fatos.<\/p>\n<p>A autora foi conduzida \u00e0 delegacia para provid\u00eancias da autoridade de policia judici\u00e1ria. J\u00e1 a v\u00edtima foi internada no Hospital de Pronto Socorro (HPS).<\/p>\n","protected":false},"excerpt":{"rendered":"<p>Um mulher de 26 anos foi detida ap\u00f3s esfaquear o namorado no bairro Vale Verde, zona Sul de Juiz de Fora, no in\u00edcio da madrugada desta ter\u00e7a-feira, 20. Os dois estariam na casa da autora, bebendo na companhia de um amigo, e teriam se desentendido. A mulher alega ter sido agredida pela v\u00edtima. De acordo [&hellip;]<\/p>\n","protected":false},"author":96,"featured_media":94191,"comment_status":"closed","ping_status":"closed","sticky":false,"template":"","format":"standard","meta":{"footnotes":""},"categories":[301],"tags":[],"class_list":["post-94192","post","type-post","status-publish","format-standard","has-post-thumbnail","hentry","category-artigos-policiais"],"_links":{"self":[{"href":"https:\/\/diarioregionaldigital.com.br\/index.php?rest_route=\/wp\/v2\/posts\/94192","targetHints":{"allow":["GET"]}}],"collection":[{"href":"https:\/\/diarioregionaldigital.com.br\/index.php?rest_route=\/wp\/v2\/posts"}],"about":[{"href":"https:\/\/diarioregionaldigital.com.br\/index.php?rest_route=\/wp\/v2\/types\/post"}],"author":[{"embeddable":true,"href":"https:\/\/diarioregionaldigital.com.br\/index.php?rest_route=\/wp\/v2\/users\/96"}],"replies":[{"embeddable":true,"href":"https:\/\/diarioregionaldigital.com.br\/index.php?rest_route=%2Fwp%2Fv2%2Fcomments&post=94192"}],"version-history":[{"count":0,"href":"https:\/\/diarioregionaldigital.com.br\/index.php?rest_route=\/wp\/v2\/posts\/94192\/revisions"}],"wp:featuredmedia":[{"embeddable":true,"href":"https:\/\/diarioregionaldigital.com.br\/index.php?rest_route=\/wp\/v2\/media\/94191"}],"wp:attachment":[{"href":"https:\/\/diarioregionaldigital.com.br\/index.php?rest_route=%2Fwp%2Fv2%2Fmedia&parent=94192"}],"wp:term":[{"taxonomy":"category","embeddable":true,"href":"https:\/\/diarioregionaldigital.com.br\/index.php?rest_route=%2Fwp%2Fv2%2Fcategories&post=94192"},{"taxonomy":"post_tag","embeddable":true,"href":"https:\/\/diarioregionaldigital.com.br\/index.php?rest_route=%2Fwp%2Fv2%2Ftags&post=94192"}],"curies":[{"name":"wp","href":"https:\/\/api.w.org\/{rel}","templated":true}]}}